{"id":3558,"date":"2019-07-19T09:58:25","date_gmt":"2019-07-19T09:58:25","guid":{"rendered":"http:\/\/blog.applusiteuve.com\/museo-reune-los-coches-iconicos-la-television-cine\/"},"modified":"2020-08-31T15:48:55","modified_gmt":"2020-08-31T13:48:55","slug":"museu-reuneix-els-cotxes-iconics-la-televisio-i-cinema","status":"publish","type":"post","link":"https:\/\/blog.applusiteuve.com\/ca\/museu-reuneix-els-cotxes-iconics-la-televisio-i-cinema\/","title":{"rendered":"El museu que reuneix els cotxes ic\u00f2nics de la televisi\u00f3 i el cinema"},"content":{"rendered":"<p>El Petersen Automotive Museum de Los Angeles mostra els models de cotxes hist\u00f2rics de la televisi\u00f3 i el cinema a l&#8217;exposici\u00f3 &#8216;Hollywood Dream Machines: Vehicles of Science Fiction and Fantasy&#8217;.<\/p>\n<p>A continuaci\u00f3 us deixem una s\u00e8rie de cotxes de l&#8217;exposici\u00f3<\/p>\n<p><strong> Ford Explorer; parc Jur\u00e0ssic <\/strong><\/p>\n<p>Gr\u00e0cies a la m\u00edtica escena amb el tiranosaure rex en Parc Jur\u00e0ssic (1993), la decoraci\u00f3 del tot terreny es va quedar gravada a la retina d&#8217;aquells que van anar al cinema. \u00c9s una r\u00e8plica del cotxe utilitzat en la pel\u00b7l\u00edcula, reconeixible perqu\u00e8 era la unitat 7 (que figura en la seva matr\u00edcula) de totes les que eren al parc.<\/p>\n<p>&nbsp;<\/p>\n<p><img loading=\"lazy\" class=\"aligncenter wp-image-3534 size-full\" src=\"\/wp-content\/uploads\/2019\/07\/jurasic-park.jpg\" alt=\"cotxes ic\u00f2nics\" width=\"980\" height=\"540\" srcset=\"https:\/\/blog.applusiteuve.com\/wp-content\/uploads\/2019\/07\/jurasic-park.jpg 980w, https:\/\/blog.applusiteuve.com\/wp-content\/uploads\/2019\/07\/jurasic-park-300x165.jpg 300w, https:\/\/blog.applusiteuve.com\/wp-content\/uploads\/2019\/07\/jurasic-park-768x423.jpg 768w\" sizes=\"(max-width: 980px) 100vw, 980px\" \/><\/p>\n<p><strong>DeLorean; Retorn al futur <\/strong><\/p>\n<p>La hist\u00f2ria del model real no va ser tan reeixida, ja que el fabricant es va veure embolicat en esc\u00e0ndols per impagaments i el seu creador en trames de tr\u00e0fic de drogues. No obstant aix\u00f2, el inesborrable \u00e9s el record del DeLorean DMC que utilitzava com a m\u00e0quina del temps.<\/p>\n<h2><img loading=\"lazy\" class=\"aligncenter wp-image-3539 size-full\" src=\"\/wp-content\/uploads\/2019\/07\/regreso-al-futuro-1.jpg\" alt=\"cotxes ic\u00f2nics\" width=\"980\" height=\"540\" srcset=\"https:\/\/blog.applusiteuve.com\/wp-content\/uploads\/2019\/07\/regreso-al-futuro-1.jpg 980w, https:\/\/blog.applusiteuve.com\/wp-content\/uploads\/2019\/07\/regreso-al-futuro-1-300x165.jpg 300w, https:\/\/blog.applusiteuve.com\/wp-content\/uploads\/2019\/07\/regreso-al-futuro-1-768x423.jpg 768w\" sizes=\"(max-width: 980px) 100vw, 980px\" \/><\/h2>\n<p><strong>Sedan de Deckard; Blade Runner <\/strong><\/p>\n<p>Aix\u00ed imaginaven el 1982 com serien els cotxes del futur en la distopia que era Blade Runner i que va ser protagonitzada per Harrison Ford. \u00c9s f\u00e0cil veure que llueix alguns trets t\u00edpics dels prototips de la d\u00e8cada dels 80, com el disseny de formes anguloses o quadre de comandament replet de pantalles.<\/p>\n<h2><img loading=\"lazy\" class=\"aligncenter wp-image-3541 size-full\" src=\"\/wp-content\/uploads\/2019\/07\/blade-runner.jpg\" alt=\"cotxes ic\u00f2nics\" width=\"980\" height=\"540\" \/><\/h2>\n<p id=\"tw-target-text\" class=\"tw-data-text tw-ta tw-text-small\" dir=\"ltr\" data-placeholder=\"Traducci\u00f3n\"><strong><span lang=\"ca\" tabindex=\"0\">Batm\u00f3vil; Batman i Batman returns <\/span><\/strong><\/p>\n<p class=\"tw-data-text tw-ta tw-text-small\" dir=\"ltr\" data-placeholder=\"Traducci\u00f3n\"><span lang=\"ca\" tabindex=\"0\">Batman ha tingut una \u00e0mplia varietat de batm\u00f2bils a la seva disposici\u00f3 en la seva extensa carrera, per\u00f2 segurament aquest model sigui dels m\u00e9s reconeguts. Va participar en dues pel\u00b7l\u00edcules del cavaller fosc, Batman, el 1989, i Batman Returns, el 1992.<\/span><\/p>\n<p><img loading=\"lazy\" class=\"aligncenter wp-image-3543 size-full\" src=\"\/wp-content\/uploads\/2019\/07\/batman.jpg\" alt=\"cotxes ic\u00f2nics batman\" width=\"980\" height=\"540\" \/><\/p>\n<p><strong>K.I.T.T; El cotxe fant\u00e0stic <\/strong><\/p>\n<p>Una de les s\u00e8ries m\u00e9s recordades dels anys vuitanta, encara que amb les seves successives reposicions a Espanya tamb\u00e9 es va poder gaudir durant els noranta. El Pontiac Firebird llu\u00efa elements molt caracter\u00edstics, com la llum vermella del frontal, aix\u00ed com personalitat pr\u00f2pia, formant un curi\u00f3s t\u00e0ndem amb Michael Knight.<\/p>\n<p><img loading=\"lazy\" class=\"aligncenter wp-image-3548 size-full\" src=\"\/wp-content\/uploads\/2019\/07\/coche-fantastico.jpg\" alt=\"cotxes ic\u00f2nics\" width=\"980\" height=\"540\" \/><\/p>\n<p><strong>Ford Taurus; Robocop <\/strong><\/p>\n<p>Es tracta d&#8217;una versi\u00f3 blindada i lleugerament actualitzada del model actual, amb alguns detalls cridaners com les rodes semicarenadas.<\/p>\n<p><img loading=\"lazy\" class=\"aligncenter wp-image-3550 size-full\" src=\"\/wp-content\/uploads\/2019\/07\/robocop.jpg\" alt=\"cotxes ic\u00f2nics\" width=\"980\" height=\"540\" \/><\/p>\n<p>&nbsp;<\/p>\n<p><a href=\"https:\/\/www.youtube.com\/channel\/UCCrwGUAApqGmBKp83RKaTpA\">No oblideu subscriureu-vos nostre canal de Youtube.<\/a><\/p>\n<p>Font: El Pais<\/p>\n","protected":false},"excerpt":{"rendered":"<p>El Petersen Automotive Museum de Los Angeles mostra els models de cotxes hist\u00f2rics de la televisi\u00f3 i el cinema a l&#8217;exposici\u00f3 &#8216;Hollywood Dream Machines&#8230;<\/p>\n","protected":false},"author":2,"featured_media":3556,"comment_status":"open","ping_status":"closed","sticky":false,"template":"","format":"standard","meta":[],"categories":[216],"tags":[],"yoast_head":"<!-- This site is optimized with the Yoast SEO plugin v17.5 - https:\/\/yoast.com\/wordpress\/plugins\/seo\/ -->\n<title>El museu que reuneix els cotxes ic\u00f2nics de la televisi\u00f3 i el cinema - Blog Applus+ ITV<\/title>\n<meta name=\"description\" content=\"El Petersen Automotive Museu de Los Angeles mostra els models de cotxes ic\u00f2nics de la televisi\u00f3 i el cinema a l&#039;exposici\u00f3 &#039;Hollywood Dream Machines.\" \/>\n<meta name=\"robots\" content=\"index, follow, max-snippet:-1, max-image-preview:large, max-video-preview:-1\" \/>\n<link rel=\"canonical\" href=\"https:\/\/blog.applusiteuve.com\/ca\/museu-reuneix-els-cotxes-iconics-la-televisio-i-cinema\/\" \/>\n<meta property=\"og:locale\" content=\"ca_ES\" \/>\n<meta property=\"og:type\" content=\"article\" \/>\n<meta property=\"og:title\" content=\"El museu que reuneix els cotxes ic\u00f2nics de la televisi\u00f3 i el cinema - Blog Applus+ ITV\" \/>\n<meta property=\"og:description\" content=\"El Petersen Automotive Museu de Los Angeles mostra els models de cotxes ic\u00f2nics de la televisi\u00f3 i el cinema a l&#039;exposici\u00f3 &#039;Hollywood Dream Machines.\" \/>\n<meta property=\"og:url\" content=\"https:\/\/blog.applusiteuve.com\/ca\/museu-reuneix-els-cotxes-iconics-la-televisio-i-cinema\/\" \/>\n<meta property=\"og:site_name\" content=\"Blog Applus+ ITV\" \/>\n<meta property=\"article:published_time\" content=\"2019-07-19T09:58:25+00:00\" \/>\n<meta property=\"article:modified_time\" content=\"2020-08-31T13:48:55+00:00\" \/>\n<meta property=\"og:image\" content=\"https:\/\/blog.applusiteuve.com\/wp-content\/uploads\/2019\/07\/coches-iconicos-e1592408823129.jpg\" \/>\n\t<meta property=\"og:image:width\" content=\"800\" \/>\n\t<meta property=\"og:image:height\" content=\"441\" \/>\n<meta name=\"twitter:label1\" content=\"Escrit per\" \/>\n\t<meta name=\"twitter:data1\" content=\"@applus\" \/>\n\t<meta name=\"twitter:label2\" content=\"Temps estimat de lectura\" \/>\n\t<meta name=\"twitter:data2\" content=\"2 minuts\" \/>\n<script type=\"application\/ld+json\" class=\"yoast-schema-graph\">{\"@context\":\"https:\/\/schema.org\",\"@graph\":[{\"@type\":\"WebSite\",\"@id\":\"https:\/\/blog.applusiteuve.com\/#website\",\"url\":\"https:\/\/blog.applusiteuve.com\/\",\"name\":\"Blog Applus+ ITV\",\"description\":\"Todo sobre seguridad vial, mundo del motor, ITV y mucho m\\u00e1s en el blog SOS Carretera.\",\"potentialAction\":[{\"@type\":\"SearchAction\",\"target\":{\"@type\":\"EntryPoint\",\"urlTemplate\":\"https:\/\/blog.applusiteuve.com\/?s={search_term_string}\"},\"query-input\":\"required name=search_term_string\"}],\"inLanguage\":\"ca\"},{\"@type\":\"ImageObject\",\"@id\":\"https:\/\/blog.applusiteuve.com\/ca\/museu-reuneix-els-cotxes-iconics-la-televisio-i-cinema\/#primaryimage\",\"inLanguage\":\"ca\",\"url\":\"https:\/\/blog.applusiteuve.com\/wp-content\/uploads\/2019\/07\/coches-iconicos-e1592408823129.jpg\",\"contentUrl\":\"https:\/\/blog.applusiteuve.com\/wp-content\/uploads\/2019\/07\/coches-iconicos-e1592408823129.jpg\",\"width\":800,\"height\":441},{\"@type\":\"WebPage\",\"@id\":\"https:\/\/blog.applusiteuve.com\/ca\/museu-reuneix-els-cotxes-iconics-la-televisio-i-cinema\/#webpage\",\"url\":\"https:\/\/blog.applusiteuve.com\/ca\/museu-reuneix-els-cotxes-iconics-la-televisio-i-cinema\/\",\"name\":\"El museu que reuneix els cotxes ic\\u00f2nics de la televisi\\u00f3 i el cinema - Blog Applus+ ITV\",\"isPartOf\":{\"@id\":\"https:\/\/blog.applusiteuve.com\/#website\"},\"primaryImageOfPage\":{\"@id\":\"https:\/\/blog.applusiteuve.com\/ca\/museu-reuneix-els-cotxes-iconics-la-televisio-i-cinema\/#primaryimage\"},\"datePublished\":\"2019-07-19T09:58:25+00:00\",\"dateModified\":\"2020-08-31T13:48:55+00:00\",\"author\":{\"@id\":\"https:\/\/blog.applusiteuve.com\/#\/schema\/person\/7427404b7ff7544f9378d7d10b65a935\"},\"description\":\"El Petersen Automotive Museu de Los Angeles mostra els models de cotxes ic\\u00f2nics de la televisi\\u00f3 i el cinema a l'exposici\\u00f3 'Hollywood Dream Machines.\",\"breadcrumb\":{\"@id\":\"https:\/\/blog.applusiteuve.com\/ca\/museu-reuneix-els-cotxes-iconics-la-televisio-i-cinema\/#breadcrumb\"},\"inLanguage\":\"ca\",\"potentialAction\":[{\"@type\":\"ReadAction\",\"target\":[\"https:\/\/blog.applusiteuve.com\/ca\/museu-reuneix-els-cotxes-iconics-la-televisio-i-cinema\/\"]}]},{\"@type\":\"BreadcrumbList\",\"@id\":\"https:\/\/blog.applusiteuve.com\/ca\/museu-reuneix-els-cotxes-iconics-la-televisio-i-cinema\/#breadcrumb\",\"itemListElement\":[{\"@type\":\"ListItem\",\"position\":1,\"name\":\"Portada\",\"item\":\"https:\/\/blog.applusiteuve.com\/ca\/\"},{\"@type\":\"ListItem\",\"position\":2,\"name\":\"El museu que reuneix els cotxes ic\\u00f2nics de la televisi\\u00f3 i el cinema\"}]},{\"@type\":\"Person\",\"@id\":\"https:\/\/blog.applusiteuve.com\/#\/schema\/person\/7427404b7ff7544f9378d7d10b65a935\",\"name\":\"@applus\",\"image\":{\"@type\":\"ImageObject\",\"@id\":\"https:\/\/blog.applusiteuve.com\/#personlogo\",\"inLanguage\":\"ca\",\"url\":\"https:\/\/secure.gravatar.com\/avatar\/cd43fb589c6c7c98b5db140709497436?s=96&d=mm&r=g\",\"contentUrl\":\"https:\/\/secure.gravatar.com\/avatar\/cd43fb589c6c7c98b5db140709497436?s=96&d=mm&r=g\",\"caption\":\"@applus\"},\"url\":\"https:\/\/blog.applusiteuve.com\/ca\/author\/applus\/\"}]}<\/script>\n<!-- \/ Yoast SEO plugin. -->","yoast_head_json":{"title":"El museu que reuneix els cotxes ic\u00f2nics de la televisi\u00f3 i el cinema - Blog Applus+ ITV","description":"El Petersen Automotive Museu de Los Angeles mostra els models de cotxes ic\u00f2nics de la televisi\u00f3 i el cinema a l'exposici\u00f3 'Hollywood Dream Machines.","robots":{"index":"index","follow":"follow","max-snippet":"max-snippet:-1","max-image-preview":"max-image-preview:large","max-video-preview":"max-video-preview:-1"},"canonical":"https:\/\/blog.applusiteuve.com\/ca\/museu-reuneix-els-cotxes-iconics-la-televisio-i-cinema\/","og_locale":"ca_ES","og_type":"article","og_title":"El museu que reuneix els cotxes ic\u00f2nics de la televisi\u00f3 i el cinema - Blog Applus+ ITV","og_description":"El Petersen Automotive Museu de Los Angeles mostra els models de cotxes ic\u00f2nics de la televisi\u00f3 i el cinema a l'exposici\u00f3 'Hollywood Dream Machines.","og_url":"https:\/\/blog.applusiteuve.com\/ca\/museu-reuneix-els-cotxes-iconics-la-televisio-i-cinema\/","og_site_name":"Blog Applus+ ITV","article_published_time":"2019-07-19T09:58:25+00:00","article_modified_time":"2020-08-31T13:48:55+00:00","og_image":[{"width":800,"height":441,"url":"https:\/\/blog.applusiteuve.com\/wp-content\/uploads\/2019\/07\/coches-iconicos-e1592408823129.jpg","type":"image\/jpeg"}],"twitter_misc":{"Escrit per":"@applus","Temps estimat de lectura":"2 minuts"},"schema":{"@context":"https:\/\/schema.org","@graph":[{"@type":"WebSite","@id":"https:\/\/blog.applusiteuve.com\/#website","url":"https:\/\/blog.applusiteuve.com\/","name":"Blog Applus+ ITV","description":"Todo sobre seguridad vial, mundo del motor, ITV y mucho m\u00e1s en el blog SOS Carretera.","potentialAction":[{"@type":"SearchAction","target":{"@type":"EntryPoint","urlTemplate":"https:\/\/blog.applusiteuve.com\/?s={search_term_string}"},"query-input":"required name=search_term_string"}],"inLanguage":"ca"},{"@type":"ImageObject","@id":"https:\/\/blog.applusiteuve.com\/ca\/museu-reuneix-els-cotxes-iconics-la-televisio-i-cinema\/#primaryimage","inLanguage":"ca","url":"https:\/\/blog.applusiteuve.com\/wp-content\/uploads\/2019\/07\/coches-iconicos-e1592408823129.jpg","contentUrl":"https:\/\/blog.applusiteuve.com\/wp-content\/uploads\/2019\/07\/coches-iconicos-e1592408823129.jpg","width":800,"height":441},{"@type":"WebPage","@id":"https:\/\/blog.applusiteuve.com\/ca\/museu-reuneix-els-cotxes-iconics-la-televisio-i-cinema\/#webpage","url":"https:\/\/blog.applusiteuve.com\/ca\/museu-reuneix-els-cotxes-iconics-la-televisio-i-cinema\/","name":"El museu que reuneix els cotxes ic\u00f2nics de la televisi\u00f3 i el cinema - Blog Applus+ ITV","isPartOf":{"@id":"https:\/\/blog.applusiteuve.com\/#website"},"primaryImageOfPage":{"@id":"https:\/\/blog.applusiteuve.com\/ca\/museu-reuneix-els-cotxes-iconics-la-televisio-i-cinema\/#primaryimage"},"datePublished":"2019-07-19T09:58:25+00:00","dateModified":"2020-08-31T13:48:55+00:00","author":{"@id":"https:\/\/blog.applusiteuve.com\/#\/schema\/person\/7427404b7ff7544f9378d7d10b65a935"},"description":"El Petersen Automotive Museu de Los Angeles mostra els models de cotxes ic\u00f2nics de la televisi\u00f3 i el cinema a l'exposici\u00f3 'Hollywood Dream Machines.","breadcrumb":{"@id":"https:\/\/blog.applusiteuve.com\/ca\/museu-reuneix-els-cotxes-iconics-la-televisio-i-cinema\/#breadcrumb"},"inLanguage":"ca","potentialAction":[{"@type":"ReadAction","target":["https:\/\/blog.applusiteuve.com\/ca\/museu-reuneix-els-cotxes-iconics-la-televisio-i-cinema\/"]}]},{"@type":"BreadcrumbList","@id":"https:\/\/blog.applusiteuve.com\/ca\/museu-reuneix-els-cotxes-iconics-la-televisio-i-cinema\/#breadcrumb","itemListElement":[{"@type":"ListItem","position":1,"name":"Portada","item":"https:\/\/blog.applusiteuve.com\/ca\/"},{"@type":"ListItem","position":2,"name":"El museu que reuneix els cotxes ic\u00f2nics de la televisi\u00f3 i el cinema"}]},{"@type":"Person","@id":"https:\/\/blog.applusiteuve.com\/#\/schema\/person\/7427404b7ff7544f9378d7d10b65a935","name":"@applus","image":{"@type":"ImageObject","@id":"https:\/\/blog.applusiteuve.com\/#personlogo","inLanguage":"ca","url":"https:\/\/secure.gravatar.com\/avatar\/cd43fb589c6c7c98b5db140709497436?s=96&d=mm&r=g","contentUrl":"https:\/\/secure.gravatar.com\/avatar\/cd43fb589c6c7c98b5db140709497436?s=96&d=mm&r=g","caption":"@applus"},"url":"https:\/\/blog.applusiteuve.com\/ca\/author\/applus\/"}]}},"_links":{"self":[{"href":"https:\/\/blog.applusiteuve.com\/ca\/wp-json\/wp\/v2\/posts\/3558"}],"collection":[{"href":"https:\/\/blog.applusiteuve.com\/ca\/wp-json\/wp\/v2\/posts"}],"about":[{"href":"https:\/\/blog.applusiteuve.com\/ca\/wp-json\/wp\/v2\/types\/post"}],"author":[{"embeddable":true,"href":"https:\/\/blog.applusiteuve.com\/ca\/wp-json\/wp\/v2\/users\/2"}],"replies":[{"embeddable":true,"href":"https:\/\/blog.applusiteuve.com\/ca\/wp-json\/wp\/v2\/comments?post=3558"}],"version-history":[{"count":4,"href":"https:\/\/blog.applusiteuve.com\/ca\/wp-json\/wp\/v2\/posts\/3558\/revisions"}],"predecessor-version":[{"id":3564,"href":"https:\/\/blog.applusiteuve.com\/ca\/wp-json\/wp\/v2\/posts\/3558\/revisions\/3564"}],"wp:featuredmedia":[{"embeddable":true,"href":"https:\/\/blog.applusiteuve.com\/ca\/wp-json\/wp\/v2\/media\/3556"}],"wp:attachment":[{"href":"https:\/\/blog.applusiteuve.com\/ca\/wp-json\/wp\/v2\/media?parent=3558"}],"wp:term":[{"taxonomy":"category","embeddable":true,"href":"https:\/\/blog.applusiteuve.com\/ca\/wp-json\/wp\/v2\/categories?post=3558"},{"taxonomy":"post_tag","embeddable":true,"href":"https:\/\/blog.applusiteuve.com\/ca\/wp-json\/wp\/v2\/tags?post=3558"}],"curies":[{"name":"wp","href":"https:\/\/api.w.org\/{rel}","templated":true}]}}