{"id":3638,"date":"2019-07-26T11:29:15","date_gmt":"2019-07-26T11:29:15","guid":{"rendered":"http:\/\/blog.applusiteuve.com\/consejos-trucos-cargar-maletero\/"},"modified":"2020-08-31T15:48:54","modified_gmt":"2020-08-31T13:48:54","slug":"consells-i-trucs-per-carregar-maleter","status":"publish","type":"post","link":"https:\/\/blog.applusiteuve.com\/ca\/consells-i-trucs-per-carregar-maleter\/","title":{"rendered":"Consells i trucs per carregar el maleter"},"content":{"rendered":"<p>Les vacances d&#8217;estiu ja han arribat i normalment moltes fam\u00edlies es traslladen a segones resid\u00e8ncies, lloguen apartament per descansar i gaudir dels seus dies, i tamb\u00e9 aprofiten per visitar els seus familiars. Un cop est\u00e0 tot preparat i a punt per sortir, arriba el moment m\u00e9s complicat: ficar tot l&#8217;equipatge al maleter i que c\u00e0piga absolutament tot.<\/p>\n<p>Aquest \u00e9s el moment en qu\u00e8 sembla que el maleter es va encongint per moments sense que hi hagi cap esperan\u00e7a de poder ficar les coses de manera que el maleter tancament sense for\u00e7ar-lo. \u00c9s molt important saber seleccionar l&#8217;equipatge que portarem amb cotxe. Ja que en ocasions, vam carregar m\u00e9s del que necessitem.<\/p>\n<h2>A continuaci\u00f3 us deixem alguns consells per carregar el maleter<\/h2>\n<p>\u00c9s imprescindible transportar la c\u00e0rrega ben distribu\u00efda per garantir la seguretat en marxa. Tot ha de quedar guardat al maleter, sense deixar cap objecte perduda en el vehicle, perqu\u00e8 pot esdevenir un projectil letal en cas de frenada brusca o accident. Es poden aprofitar els compartiments i buits disponibles al vehicle per a guardar les coses de menys grand\u00e0ria.<\/p>\n<p id=\"tw-target-text\" class=\"tw-data-text tw-ta tw-text-small\" dir=\"ltr\" data-placeholder=\"Traducci\u00f3n\"><span lang=\"ca\" tabindex=\"0\">Les<strong> maletes i embalums m\u00e9s pesats,<\/strong> han de posar-se al fon del portaequipatges, el m\u00e9s a prop de l&#8217;eix. Aix\u00f2 millora l&#8217;estabilitat del vehicle mentre circula. La resta de coses s&#8217;han de col\u00b7locar de manera que no es moguin durant el viatge i que no tapin la visi\u00f3 a trav\u00e9s de la lluna posterior.<\/span><\/p>\n<p>La c\u00e0rrega no ha de sobrepassar el nivell de la safata cubremaletero perqu\u00e8 aquesta pot contenir els possibles moviments de l&#8217;equipatge. Nom\u00e9s si es disposa d&#8217;una xarxa o d&#8217;un altre tipus de separador entre habitacle i el maleter podria superar aquest nivell.<\/p>\n<p>La DGT recomano cordar els cinturons d&#8217;aquestes places encara que no hagi passatgers que viatgen en segona fila. Perqu\u00e8 aix\u00ed, ajudar\u00e0 a retenir l&#8217;equipatge i evitar\u00e0 que penetri en el vehicle si es produeix una col\u00b7lisi\u00f3.<\/p>\n<p>Si es porten m\u00e9s embalums dels que caben al maleter, haurem d&#8217;optar per muntar un cofre de sostre o un remolc. Cal tenir en compte que el comportament din\u00e0mic del cotxe pot canviar per anar molt carregat: \u00e9s m\u00e9s inestable, perd pot\u00e8ncia i necessita m\u00e9s espai per frenar. En aquests casos \u00e9s important anticipar les frenades i incrementar la dist\u00e0ncia de seguretat respecte al vehicle precedent.<\/p>\n<p>&nbsp;<\/p>\n<p><img loading=\"lazy\" class=\"aligncenter wp-image-3627 size-full\" src=\"\/wp-content\/uploads\/2019\/07\/photo-1489628443677-552b17700861-e1564133115249.jpeg\" alt=\"maleter\" width=\"1055\" height=\"516\" \/><\/p>\n<div class=\"jhH5U r-ilWbuGN5Tdh4\" data-rtid=\"ilWbuGN5Tdh4\">\n<div id=\"tw-ob\" class=\"tw-src-ltr\">\n<div class=\"oSioSc\">\n<div id=\"tw-target\">\n<div id=\"kAz1tf\" class=\"g9WsWb\">\n<div id=\"tw-target-text-container\" class=\"tw-ta-container tw-nfl\">\n<p dir=\"ltr\" data-placeholder=\"Traducci\u00f3n\">\n<p id=\"tw-target-text\" class=\"tw-data-text tw-ta tw-text-small\" dir=\"ltr\" data-placeholder=\"Traducci\u00f3n\"><span lang=\"ca\" tabindex=\"0\">El transport de les bicicletes ha de realitzar-se amb un dispositiu espec\u00edfic. Hi ha diversos tipus (sostre, porta del darrere o bola de remolc) i caldr\u00e0 triar-el m\u00e9s adequat a cada vehicle. Si la seva col\u00b7locaci\u00f3 en la part posterior implica que la c\u00e0rrega sobresurt m\u00e9s d&#8217;un 15% de la longitud del cotxe, haur\u00e0 de senyalitzar amb el senyal V-20 (panell quadrat, de 50 per 50 cent\u00edmetres, amb franges diagonals alternades de color blanc i vermell ). <\/span><\/p>\n<p class=\"tw-data-text tw-ta tw-text-small\" dir=\"ltr\" data-placeholder=\"Traducci\u00f3n\"><span lang=\"ca\" tabindex=\"0\">La bicicleta no podr\u00e0 sobresortir lateralment i si tapa la matr\u00edcula caldr\u00e0 muntar una placa addicional.<\/span><\/p>\n<p dir=\"ltr\" data-placeholder=\"Traducci\u00f3n\"><a href=\"https:\/\/www.youtube.com\/channel\/UCCrwGUAApqGmBKp83RKaTpA\">No us oblideu de suscriure-us al nostre canal de Youtube.<\/a><\/p>\n<p dir=\"ltr\" data-placeholder=\"Traducci\u00f3n\">Font: La Vanguardia<\/p>\n<\/div>\n<\/div>\n<\/div>\n<\/div>\n<\/div>\n<\/div>\n","protected":false},"excerpt":{"rendered":"<p>Les vacances d&#8217;estiu ja han arribat i normalment moltes fam\u00edlies es traslladen a segones resid\u00e8ncies, lloguen apartament per descansar i gaudir dels seus dies, i tamb\u00e9 aprofiten per visitar els seus familiars. Un cop est\u00e0 tot preparat i a punt per sortir, arriba el moment&#8230;<\/p>\n","protected":false},"author":2,"featured_media":3623,"comment_status":"open","ping_status":"closed","sticky":false,"template":"","format":"standard","meta":[],"categories":[215],"tags":[],"yoast_head":"<!-- This site is optimized with the Yoast SEO plugin v17.5 - https:\/\/yoast.com\/wordpress\/plugins\/seo\/ -->\n<title>Consells i trucs per carregar el maleter - Blog Applus+ ITV<\/title>\n<meta name=\"description\" content=\"Les vacances han comen\u00e7at i els despla\u00e7aments tamb\u00e9. A continuaci\u00f3 us deixem alguns consells per carregar el maleter.\" \/>\n<meta name=\"robots\" content=\"index, follow, max-snippet:-1, max-image-preview:large, max-video-preview:-1\" \/>\n<link rel=\"canonical\" href=\"https:\/\/blog.applusiteuve.com\/ca\/consells-i-trucs-per-carregar-maleter\/\" \/>\n<meta property=\"og:locale\" content=\"ca_ES\" \/>\n<meta property=\"og:type\" content=\"article\" \/>\n<meta property=\"og:title\" content=\"Consells i trucs per carregar el maleter - Blog Applus+ ITV\" \/>\n<meta property=\"og:description\" content=\"Les vacances han comen\u00e7at i els despla\u00e7aments tamb\u00e9. A continuaci\u00f3 us deixem alguns consells per carregar el maleter.\" \/>\n<meta property=\"og:url\" content=\"https:\/\/blog.applusiteuve.com\/ca\/consells-i-trucs-per-carregar-maleter\/\" \/>\n<meta property=\"og:site_name\" content=\"Blog Applus+ ITV\" \/>\n<meta property=\"article:published_time\" content=\"2019-07-26T11:29:15+00:00\" \/>\n<meta property=\"article:modified_time\" content=\"2020-08-31T13:48:54+00:00\" \/>\n<meta property=\"og:image\" content=\"https:\/\/blog.applusiteuve.com\/wp-content\/uploads\/2019\/07\/maletas-maletero.jpg\" \/>\n\t<meta property=\"og:image:width\" content=\"800\" \/>\n\t<meta property=\"og:image:height\" content=\"484\" \/>\n<meta name=\"twitter:label1\" content=\"Escrit per\" \/>\n\t<meta name=\"twitter:data1\" content=\"@applus\" \/>\n\t<meta name=\"twitter:label2\" content=\"Temps estimat de lectura\" \/>\n\t<meta name=\"twitter:data2\" content=\"3 minuts\" \/>\n<script type=\"application\/ld+json\" class=\"yoast-schema-graph\">{\"@context\":\"https:\/\/schema.org\",\"@graph\":[{\"@type\":\"WebSite\",\"@id\":\"https:\/\/blog.applusiteuve.com\/#website\",\"url\":\"https:\/\/blog.applusiteuve.com\/\",\"name\":\"Blog Applus+ ITV\",\"description\":\"Todo sobre seguridad vial, mundo del motor, ITV y mucho m\\u00e1s en el blog SOS Carretera.\",\"potentialAction\":[{\"@type\":\"SearchAction\",\"target\":{\"@type\":\"EntryPoint\",\"urlTemplate\":\"https:\/\/blog.applusiteuve.com\/?s={search_term_string}\"},\"query-input\":\"required name=search_term_string\"}],\"inLanguage\":\"ca\"},{\"@type\":\"ImageObject\",\"@id\":\"https:\/\/blog.applusiteuve.com\/ca\/consells-i-trucs-per-carregar-maleter\/#primaryimage\",\"inLanguage\":\"ca\",\"url\":\"https:\/\/blog.applusiteuve.com\/wp-content\/uploads\/2019\/07\/maletas-maletero.jpg\",\"contentUrl\":\"https:\/\/blog.applusiteuve.com\/wp-content\/uploads\/2019\/07\/maletas-maletero.jpg\",\"width\":800,\"height\":484},{\"@type\":\"WebPage\",\"@id\":\"https:\/\/blog.applusiteuve.com\/ca\/consells-i-trucs-per-carregar-maleter\/#webpage\",\"url\":\"https:\/\/blog.applusiteuve.com\/ca\/consells-i-trucs-per-carregar-maleter\/\",\"name\":\"Consells i trucs per carregar el maleter - Blog Applus+ ITV\",\"isPartOf\":{\"@id\":\"https:\/\/blog.applusiteuve.com\/#website\"},\"primaryImageOfPage\":{\"@id\":\"https:\/\/blog.applusiteuve.com\/ca\/consells-i-trucs-per-carregar-maleter\/#primaryimage\"},\"datePublished\":\"2019-07-26T11:29:15+00:00\",\"dateModified\":\"2020-08-31T13:48:54+00:00\",\"author\":{\"@id\":\"https:\/\/blog.applusiteuve.com\/#\/schema\/person\/7427404b7ff7544f9378d7d10b65a935\"},\"description\":\"Les vacances han comen\\u00e7at i els despla\\u00e7aments tamb\\u00e9. A continuaci\\u00f3 us deixem alguns consells per carregar el maleter.\",\"breadcrumb\":{\"@id\":\"https:\/\/blog.applusiteuve.com\/ca\/consells-i-trucs-per-carregar-maleter\/#breadcrumb\"},\"inLanguage\":\"ca\",\"potentialAction\":[{\"@type\":\"ReadAction\",\"target\":[\"https:\/\/blog.applusiteuve.com\/ca\/consells-i-trucs-per-carregar-maleter\/\"]}]},{\"@type\":\"BreadcrumbList\",\"@id\":\"https:\/\/blog.applusiteuve.com\/ca\/consells-i-trucs-per-carregar-maleter\/#breadcrumb\",\"itemListElement\":[{\"@type\":\"ListItem\",\"position\":1,\"name\":\"Portada\",\"item\":\"https:\/\/blog.applusiteuve.com\/ca\/\"},{\"@type\":\"ListItem\",\"position\":2,\"name\":\"Consells i trucs per carregar el maleter\"}]},{\"@type\":\"Person\",\"@id\":\"https:\/\/blog.applusiteuve.com\/#\/schema\/person\/7427404b7ff7544f9378d7d10b65a935\",\"name\":\"@applus\",\"image\":{\"@type\":\"ImageObject\",\"@id\":\"https:\/\/blog.applusiteuve.com\/#personlogo\",\"inLanguage\":\"ca\",\"url\":\"https:\/\/secure.gravatar.com\/avatar\/cd43fb589c6c7c98b5db140709497436?s=96&d=mm&r=g\",\"contentUrl\":\"https:\/\/secure.gravatar.com\/avatar\/cd43fb589c6c7c98b5db140709497436?s=96&d=mm&r=g\",\"caption\":\"@applus\"},\"url\":\"https:\/\/blog.applusiteuve.com\/ca\/author\/applus\/\"}]}<\/script>\n<!-- \/ Yoast SEO plugin. -->","yoast_head_json":{"title":"Consells i trucs per carregar el maleter - Blog Applus+ ITV","description":"Les vacances han comen\u00e7at i els despla\u00e7aments tamb\u00e9. A continuaci\u00f3 us deixem alguns consells per carregar el maleter.","robots":{"index":"index","follow":"follow","max-snippet":"max-snippet:-1","max-image-preview":"max-image-preview:large","max-video-preview":"max-video-preview:-1"},"canonical":"https:\/\/blog.applusiteuve.com\/ca\/consells-i-trucs-per-carregar-maleter\/","og_locale":"ca_ES","og_type":"article","og_title":"Consells i trucs per carregar el maleter - Blog Applus+ ITV","og_description":"Les vacances han comen\u00e7at i els despla\u00e7aments tamb\u00e9. A continuaci\u00f3 us deixem alguns consells per carregar el maleter.","og_url":"https:\/\/blog.applusiteuve.com\/ca\/consells-i-trucs-per-carregar-maleter\/","og_site_name":"Blog Applus+ ITV","article_published_time":"2019-07-26T11:29:15+00:00","article_modified_time":"2020-08-31T13:48:54+00:00","og_image":[{"width":800,"height":484,"url":"https:\/\/blog.applusiteuve.com\/wp-content\/uploads\/2019\/07\/maletas-maletero.jpg","type":"image\/jpeg"}],"twitter_misc":{"Escrit per":"@applus","Temps estimat de lectura":"3 minuts"},"schema":{"@context":"https:\/\/schema.org","@graph":[{"@type":"WebSite","@id":"https:\/\/blog.applusiteuve.com\/#website","url":"https:\/\/blog.applusiteuve.com\/","name":"Blog Applus+ ITV","description":"Todo sobre seguridad vial, mundo del motor, ITV y mucho m\u00e1s en el blog SOS Carretera.","potentialAction":[{"@type":"SearchAction","target":{"@type":"EntryPoint","urlTemplate":"https:\/\/blog.applusiteuve.com\/?s={search_term_string}"},"query-input":"required name=search_term_string"}],"inLanguage":"ca"},{"@type":"ImageObject","@id":"https:\/\/blog.applusiteuve.com\/ca\/consells-i-trucs-per-carregar-maleter\/#primaryimage","inLanguage":"ca","url":"https:\/\/blog.applusiteuve.com\/wp-content\/uploads\/2019\/07\/maletas-maletero.jpg","contentUrl":"https:\/\/blog.applusiteuve.com\/wp-content\/uploads\/2019\/07\/maletas-maletero.jpg","width":800,"height":484},{"@type":"WebPage","@id":"https:\/\/blog.applusiteuve.com\/ca\/consells-i-trucs-per-carregar-maleter\/#webpage","url":"https:\/\/blog.applusiteuve.com\/ca\/consells-i-trucs-per-carregar-maleter\/","name":"Consells i trucs per carregar el maleter - Blog Applus+ ITV","isPartOf":{"@id":"https:\/\/blog.applusiteuve.com\/#website"},"primaryImageOfPage":{"@id":"https:\/\/blog.applusiteuve.com\/ca\/consells-i-trucs-per-carregar-maleter\/#primaryimage"},"datePublished":"2019-07-26T11:29:15+00:00","dateModified":"2020-08-31T13:48:54+00:00","author":{"@id":"https:\/\/blog.applusiteuve.com\/#\/schema\/person\/7427404b7ff7544f9378d7d10b65a935"},"description":"Les vacances han comen\u00e7at i els despla\u00e7aments tamb\u00e9. A continuaci\u00f3 us deixem alguns consells per carregar el maleter.","breadcrumb":{"@id":"https:\/\/blog.applusiteuve.com\/ca\/consells-i-trucs-per-carregar-maleter\/#breadcrumb"},"inLanguage":"ca","potentialAction":[{"@type":"ReadAction","target":["https:\/\/blog.applusiteuve.com\/ca\/consells-i-trucs-per-carregar-maleter\/"]}]},{"@type":"BreadcrumbList","@id":"https:\/\/blog.applusiteuve.com\/ca\/consells-i-trucs-per-carregar-maleter\/#breadcrumb","itemListElement":[{"@type":"ListItem","position":1,"name":"Portada","item":"https:\/\/blog.applusiteuve.com\/ca\/"},{"@type":"ListItem","position":2,"name":"Consells i trucs per carregar el maleter"}]},{"@type":"Person","@id":"https:\/\/blog.applusiteuve.com\/#\/schema\/person\/7427404b7ff7544f9378d7d10b65a935","name":"@applus","image":{"@type":"ImageObject","@id":"https:\/\/blog.applusiteuve.com\/#personlogo","inLanguage":"ca","url":"https:\/\/secure.gravatar.com\/avatar\/cd43fb589c6c7c98b5db140709497436?s=96&d=mm&r=g","contentUrl":"https:\/\/secure.gravatar.com\/avatar\/cd43fb589c6c7c98b5db140709497436?s=96&d=mm&r=g","caption":"@applus"},"url":"https:\/\/blog.applusiteuve.com\/ca\/author\/applus\/"}]}},"_links":{"self":[{"href":"https:\/\/blog.applusiteuve.com\/ca\/wp-json\/wp\/v2\/posts\/3638"}],"collection":[{"href":"https:\/\/blog.applusiteuve.com\/ca\/wp-json\/wp\/v2\/posts"}],"about":[{"href":"https:\/\/blog.applusiteuve.com\/ca\/wp-json\/wp\/v2\/types\/post"}],"author":[{"embeddable":true,"href":"https:\/\/blog.applusiteuve.com\/ca\/wp-json\/wp\/v2\/users\/2"}],"replies":[{"embeddable":true,"href":"https:\/\/blog.applusiteuve.com\/ca\/wp-json\/wp\/v2\/comments?post=3638"}],"version-history":[{"count":2,"href":"https:\/\/blog.applusiteuve.com\/ca\/wp-json\/wp\/v2\/posts\/3638\/revisions"}],"predecessor-version":[{"id":3641,"href":"https:\/\/blog.applusiteuve.com\/ca\/wp-json\/wp\/v2\/posts\/3638\/revisions\/3641"}],"wp:featuredmedia":[{"embeddable":true,"href":"https:\/\/blog.applusiteuve.com\/ca\/wp-json\/wp\/v2\/media\/3623"}],"wp:attachment":[{"href":"https:\/\/blog.applusiteuve.com\/ca\/wp-json\/wp\/v2\/media?parent=3638"}],"wp:term":[{"taxonomy":"category","embeddable":true,"href":"https:\/\/blog.applusiteuve.com\/ca\/wp-json\/wp\/v2\/categories?post=3638"},{"taxonomy":"post_tag","embeddable":true,"href":"https:\/\/blog.applusiteuve.com\/ca\/wp-json\/wp\/v2\/tags?post=3638"}],"curies":[{"name":"wp","href":"https:\/\/api.w.org\/{rel}","templated":true}]}}