{"id":9028,"date":"2022-08-29T10:30:15","date_gmt":"2022-08-29T08:30:15","guid":{"rendered":"https:\/\/blog.applusiteuve.com\/?p=9028"},"modified":"2022-08-08T08:49:53","modified_gmt":"2022-08-08T06:49:53","slug":"augmenten-els-conductors-que-superen-els-limits-de-velocitat","status":"publish","type":"post","link":"https:\/\/blog.applusiteuve.com\/ca\/augmenten-els-conductors-que-superen-els-limits-de-velocitat\/","title":{"rendered":"Augmenten els conductors que superen els l\u00edmits de velocitat"},"content":{"rendered":"<p>Una campanya de la DGT ofereix dades preocupants sobre l?augment de conductors que superen els l\u00edmits de velocitat. Fins a un 15% dincrement en punts de control i un 25% en vehicles controlats.<\/p>\n<h2><strong>Campanya<\/strong><\/h2>\n<p>Set dies ha durat la campanya de vigil\u00e0ncia i control realitzada per la DGT el mes passat. En ella, agents de la Gu\u00e0rdia Civil, van col\u00b7locar 2.274 punts de control de velocitat, controlant 747.303 vehicles. Aix\u00f2 suposa un augment del 25% respecte del control dut a terme l&#8217;any anterior.<\/p>\n<h2><strong>M\u00e9s sinistres<\/strong><\/h2>\n<p>Aquesta campanya s&#8217;ha vist refor\u00e7ada a causa de l&#8217;augment de sinistres des de comen\u00e7ament d&#8217;any. Aix\u00ed doncs, s&#8217;han augmentat fins a deu punts el nombre de controls en vies r\u00e0pides, on ja es fan el 54,4% del total.<\/p>\n<h2><strong>Resultats<\/strong><\/h2>\n<p>Un 5,6% d&#8217;un total de 42.202 conductors circulaven per sobre de la velocitat permesa, quatre d\u00e8cimes m\u00e9s que el 2021. A m\u00e9s, 5 dels conductors denunciats per exc\u00e9s de velocitat, han estat posats a disposici\u00f3 judicial en inc\u00f3rrer en un delicte contra seguretat vi\u00e0ria, en superar en m\u00e9s de 80km\/h el l\u00edmit exigit.<\/p>\n<p>Des d&#8217;Applus+ rebutgem qualsevol incompliment de les normes de seguretat vi\u00e0ria, el seu acatament \u00e9s fonamental i de sentit com\u00fa. Tan important com circular per via adequadament \u00e9s tenir el vehicle en perfecte estat. Des de qualsevol de les nostres estacions, estem preparats per ajudar-te. <a href=\"https:\/\/www.applusiteuve.com\/es-es\/\">Demana cita pr\u00e8via ITV<\/a> i nosaltres fem la resta.<\/p>\n<p>No oblidis subscriure&#8217;t al <a href=\"https:\/\/www.youtube.com\/channel\/UCCrwGUAApqGmBKp83RKaTpA\">nostre canal de Youtube<\/a>!<\/p>\n","protected":false},"excerpt":{"rendered":"<p>Una campanya de la DGT ofereix dades preocupants sobre l?augment de conductors que superen els l\u00edmits de velocitat. Fins a un 15% dincrement en punts de control i un 25% en vehicles controlats. Campanya Set dies ha durat la campanya de vigil\u00e0ncia i control realitzada&#8230;<\/p>\n","protected":false},"author":2,"featured_media":9025,"comment_status":"open","ping_status":"open","sticky":false,"template":"","format":"standard","meta":[],"categories":[208],"tags":[],"yoast_head":"<!-- This site is optimized with the Yoast SEO plugin v17.5 - https:\/\/yoast.com\/wordpress\/plugins\/seo\/ -->\n<title>Preocupa l&#039;augment de conductors que superen els l\u00edmits de velocitat<\/title>\n<meta name=\"description\" content=\"La darrera campanya de la DGT va alertar d&#039;un fort augment del nombre de conductors que no respecta el l\u00edmit de velocitat. Llegeix m\u00e9s aqu\u00ed\" \/>\n<meta name=\"robots\" content=\"index, follow, max-snippet:-1, max-image-preview:large, max-video-preview:-1\" \/>\n<link rel=\"canonical\" href=\"https:\/\/blog.applusiteuve.com\/ca\/augmenten-els-conductors-que-superen-els-limits-de-velocitat\/\" \/>\n<meta property=\"og:locale\" content=\"ca_ES\" \/>\n<meta property=\"og:type\" content=\"article\" \/>\n<meta property=\"og:title\" content=\"Preocupa l&#039;augment de conductors que superen els l\u00edmits de velocitat\" \/>\n<meta property=\"og:description\" content=\"La darrera campanya de la DGT va alertar d&#039;un fort augment del nombre de conductors que no respecta el l\u00edmit de velocitat. Llegeix m\u00e9s aqu\u00ed\" \/>\n<meta property=\"og:url\" content=\"https:\/\/blog.applusiteuve.com\/ca\/augmenten-els-conductors-que-superen-els-limits-de-velocitat\/\" \/>\n<meta property=\"og:site_name\" content=\"Blog Applus+ ITV\" \/>\n<meta property=\"article:published_time\" content=\"2022-08-29T08:30:15+00:00\" \/>\n<meta property=\"article:modified_time\" content=\"2022-08-08T06:49:53+00:00\" \/>\n<meta property=\"og:image\" content=\"https:\/\/blog.applusiteuve.com\/wp-content\/uploads\/2022\/08\/Applus-Templates-facebook-13-e1659699013990.png\" \/>\n\t<meta property=\"og:image:width\" content=\"1200\" \/>\n\t<meta property=\"og:image:height\" content=\"627\" \/>\n<meta name=\"twitter:label1\" content=\"Escrit per\" \/>\n\t<meta name=\"twitter:data1\" content=\"@applus\" \/>\n\t<meta name=\"twitter:label2\" content=\"Temps estimat de lectura\" \/>\n\t<meta name=\"twitter:data2\" content=\"2 minuts\" \/>\n<script type=\"application\/ld+json\" class=\"yoast-schema-graph\">{\"@context\":\"https:\/\/schema.org\",\"@graph\":[{\"@type\":\"WebSite\",\"@id\":\"https:\/\/blog.applusiteuve.com\/#website\",\"url\":\"https:\/\/blog.applusiteuve.com\/\",\"name\":\"Blog Applus+ ITV\",\"description\":\"Todo sobre seguridad vial, mundo del motor, ITV y mucho m\\u00e1s en el blog SOS Carretera.\",\"potentialAction\":[{\"@type\":\"SearchAction\",\"target\":{\"@type\":\"EntryPoint\",\"urlTemplate\":\"https:\/\/blog.applusiteuve.com\/?s={search_term_string}\"},\"query-input\":\"required name=search_term_string\"}],\"inLanguage\":\"ca\"},{\"@type\":\"ImageObject\",\"@id\":\"https:\/\/blog.applusiteuve.com\/ca\/augmenten-els-conductors-que-superen-els-limits-de-velocitat\/#primaryimage\",\"inLanguage\":\"ca\",\"url\":\"https:\/\/blog.applusiteuve.com\/wp-content\/uploads\/2022\/08\/Applus-Templates-facebook-13-e1659699013990.png\",\"contentUrl\":\"https:\/\/blog.applusiteuve.com\/wp-content\/uploads\/2022\/08\/Applus-Templates-facebook-13-e1659699013990.png\",\"width\":1200,\"height\":627},{\"@type\":\"WebPage\",\"@id\":\"https:\/\/blog.applusiteuve.com\/ca\/augmenten-els-conductors-que-superen-els-limits-de-velocitat\/#webpage\",\"url\":\"https:\/\/blog.applusiteuve.com\/ca\/augmenten-els-conductors-que-superen-els-limits-de-velocitat\/\",\"name\":\"Preocupa l'augment de conductors que superen els l\\u00edmits de velocitat\",\"isPartOf\":{\"@id\":\"https:\/\/blog.applusiteuve.com\/#website\"},\"primaryImageOfPage\":{\"@id\":\"https:\/\/blog.applusiteuve.com\/ca\/augmenten-els-conductors-que-superen-els-limits-de-velocitat\/#primaryimage\"},\"datePublished\":\"2022-08-29T08:30:15+00:00\",\"dateModified\":\"2022-08-08T06:49:53+00:00\",\"author\":{\"@id\":\"https:\/\/blog.applusiteuve.com\/#\/schema\/person\/7427404b7ff7544f9378d7d10b65a935\"},\"description\":\"La darrera campanya de la DGT va alertar d'un fort augment del nombre de conductors que no respecta el l\\u00edmit de velocitat. Llegeix m\\u00e9s aqu\\u00ed\",\"breadcrumb\":{\"@id\":\"https:\/\/blog.applusiteuve.com\/ca\/augmenten-els-conductors-que-superen-els-limits-de-velocitat\/#breadcrumb\"},\"inLanguage\":\"ca\",\"potentialAction\":[{\"@type\":\"ReadAction\",\"target\":[\"https:\/\/blog.applusiteuve.com\/ca\/augmenten-els-conductors-que-superen-els-limits-de-velocitat\/\"]}]},{\"@type\":\"BreadcrumbList\",\"@id\":\"https:\/\/blog.applusiteuve.com\/ca\/augmenten-els-conductors-que-superen-els-limits-de-velocitat\/#breadcrumb\",\"itemListElement\":[{\"@type\":\"ListItem\",\"position\":1,\"name\":\"Portada\",\"item\":\"https:\/\/blog.applusiteuve.com\/ca\/\"},{\"@type\":\"ListItem\",\"position\":2,\"name\":\"Augmenten els conductors que superen els l\\u00edmits de velocitat\"}]},{\"@type\":\"Person\",\"@id\":\"https:\/\/blog.applusiteuve.com\/#\/schema\/person\/7427404b7ff7544f9378d7d10b65a935\",\"name\":\"@applus\",\"image\":{\"@type\":\"ImageObject\",\"@id\":\"https:\/\/blog.applusiteuve.com\/#personlogo\",\"inLanguage\":\"ca\",\"url\":\"https:\/\/secure.gravatar.com\/avatar\/cd43fb589c6c7c98b5db140709497436?s=96&d=mm&r=g\",\"contentUrl\":\"https:\/\/secure.gravatar.com\/avatar\/cd43fb589c6c7c98b5db140709497436?s=96&d=mm&r=g\",\"caption\":\"@applus\"},\"url\":\"https:\/\/blog.applusiteuve.com\/ca\/author\/applus\/\"}]}<\/script>\n<!-- \/ Yoast SEO plugin. -->","yoast_head_json":{"title":"Preocupa l'augment de conductors que superen els l\u00edmits de velocitat","description":"La darrera campanya de la DGT va alertar d'un fort augment del nombre de conductors que no respecta el l\u00edmit de velocitat. Llegeix m\u00e9s aqu\u00ed","robots":{"index":"index","follow":"follow","max-snippet":"max-snippet:-1","max-image-preview":"max-image-preview:large","max-video-preview":"max-video-preview:-1"},"canonical":"https:\/\/blog.applusiteuve.com\/ca\/augmenten-els-conductors-que-superen-els-limits-de-velocitat\/","og_locale":"ca_ES","og_type":"article","og_title":"Preocupa l'augment de conductors que superen els l\u00edmits de velocitat","og_description":"La darrera campanya de la DGT va alertar d'un fort augment del nombre de conductors que no respecta el l\u00edmit de velocitat. Llegeix m\u00e9s aqu\u00ed","og_url":"https:\/\/blog.applusiteuve.com\/ca\/augmenten-els-conductors-que-superen-els-limits-de-velocitat\/","og_site_name":"Blog Applus+ ITV","article_published_time":"2022-08-29T08:30:15+00:00","article_modified_time":"2022-08-08T06:49:53+00:00","og_image":[{"width":1200,"height":627,"url":"https:\/\/blog.applusiteuve.com\/wp-content\/uploads\/2022\/08\/Applus-Templates-facebook-13-e1659699013990.png","type":"image\/png"}],"twitter_misc":{"Escrit per":"@applus","Temps estimat de lectura":"2 minuts"},"schema":{"@context":"https:\/\/schema.org","@graph":[{"@type":"WebSite","@id":"https:\/\/blog.applusiteuve.com\/#website","url":"https:\/\/blog.applusiteuve.com\/","name":"Blog Applus+ ITV","description":"Todo sobre seguridad vial, mundo del motor, ITV y mucho m\u00e1s en el blog SOS Carretera.","potentialAction":[{"@type":"SearchAction","target":{"@type":"EntryPoint","urlTemplate":"https:\/\/blog.applusiteuve.com\/?s={search_term_string}"},"query-input":"required name=search_term_string"}],"inLanguage":"ca"},{"@type":"ImageObject","@id":"https:\/\/blog.applusiteuve.com\/ca\/augmenten-els-conductors-que-superen-els-limits-de-velocitat\/#primaryimage","inLanguage":"ca","url":"https:\/\/blog.applusiteuve.com\/wp-content\/uploads\/2022\/08\/Applus-Templates-facebook-13-e1659699013990.png","contentUrl":"https:\/\/blog.applusiteuve.com\/wp-content\/uploads\/2022\/08\/Applus-Templates-facebook-13-e1659699013990.png","width":1200,"height":627},{"@type":"WebPage","@id":"https:\/\/blog.applusiteuve.com\/ca\/augmenten-els-conductors-que-superen-els-limits-de-velocitat\/#webpage","url":"https:\/\/blog.applusiteuve.com\/ca\/augmenten-els-conductors-que-superen-els-limits-de-velocitat\/","name":"Preocupa l'augment de conductors que superen els l\u00edmits de velocitat","isPartOf":{"@id":"https:\/\/blog.applusiteuve.com\/#website"},"primaryImageOfPage":{"@id":"https:\/\/blog.applusiteuve.com\/ca\/augmenten-els-conductors-que-superen-els-limits-de-velocitat\/#primaryimage"},"datePublished":"2022-08-29T08:30:15+00:00","dateModified":"2022-08-08T06:49:53+00:00","author":{"@id":"https:\/\/blog.applusiteuve.com\/#\/schema\/person\/7427404b7ff7544f9378d7d10b65a935"},"description":"La darrera campanya de la DGT va alertar d'un fort augment del nombre de conductors que no respecta el l\u00edmit de velocitat. Llegeix m\u00e9s aqu\u00ed","breadcrumb":{"@id":"https:\/\/blog.applusiteuve.com\/ca\/augmenten-els-conductors-que-superen-els-limits-de-velocitat\/#breadcrumb"},"inLanguage":"ca","potentialAction":[{"@type":"ReadAction","target":["https:\/\/blog.applusiteuve.com\/ca\/augmenten-els-conductors-que-superen-els-limits-de-velocitat\/"]}]},{"@type":"BreadcrumbList","@id":"https:\/\/blog.applusiteuve.com\/ca\/augmenten-els-conductors-que-superen-els-limits-de-velocitat\/#breadcrumb","itemListElement":[{"@type":"ListItem","position":1,"name":"Portada","item":"https:\/\/blog.applusiteuve.com\/ca\/"},{"@type":"ListItem","position":2,"name":"Augmenten els conductors que superen els l\u00edmits de velocitat"}]},{"@type":"Person","@id":"https:\/\/blog.applusiteuve.com\/#\/schema\/person\/7427404b7ff7544f9378d7d10b65a935","name":"@applus","image":{"@type":"ImageObject","@id":"https:\/\/blog.applusiteuve.com\/#personlogo","inLanguage":"ca","url":"https:\/\/secure.gravatar.com\/avatar\/cd43fb589c6c7c98b5db140709497436?s=96&d=mm&r=g","contentUrl":"https:\/\/secure.gravatar.com\/avatar\/cd43fb589c6c7c98b5db140709497436?s=96&d=mm&r=g","caption":"@applus"},"url":"https:\/\/blog.applusiteuve.com\/ca\/author\/applus\/"}]}},"_links":{"self":[{"href":"https:\/\/blog.applusiteuve.com\/ca\/wp-json\/wp\/v2\/posts\/9028"}],"collection":[{"href":"https:\/\/blog.applusiteuve.com\/ca\/wp-json\/wp\/v2\/posts"}],"about":[{"href":"https:\/\/blog.applusiteuve.com\/ca\/wp-json\/wp\/v2\/types\/post"}],"author":[{"embeddable":true,"href":"https:\/\/blog.applusiteuve.com\/ca\/wp-json\/wp\/v2\/users\/2"}],"replies":[{"embeddable":true,"href":"https:\/\/blog.applusiteuve.com\/ca\/wp-json\/wp\/v2\/comments?post=9028"}],"version-history":[{"count":1,"href":"https:\/\/blog.applusiteuve.com\/ca\/wp-json\/wp\/v2\/posts\/9028\/revisions"}],"predecessor-version":[{"id":9031,"href":"https:\/\/blog.applusiteuve.com\/ca\/wp-json\/wp\/v2\/posts\/9028\/revisions\/9031"}],"wp:featuredmedia":[{"embeddable":true,"href":"https:\/\/blog.applusiteuve.com\/ca\/wp-json\/wp\/v2\/media\/9025"}],"wp:attachment":[{"href":"https:\/\/blog.applusiteuve.com\/ca\/wp-json\/wp\/v2\/media?parent=9028"}],"wp:term":[{"taxonomy":"category","embeddable":true,"href":"https:\/\/blog.applusiteuve.com\/ca\/wp-json\/wp\/v2\/categories?post=9028"},{"taxonomy":"post_tag","embeddable":true,"href":"https:\/\/blog.applusiteuve.com\/ca\/wp-json\/wp\/v2\/tags?post=9028"}],"curies":[{"name":"wp","href":"https:\/\/api.w.org\/{rel}","templated":true}]}}