{"id":9069,"date":"2022-09-05T10:30:21","date_gmt":"2022-09-05T08:30:21","guid":{"rendered":"https:\/\/blog.applusiteuve.com\/?p=9069"},"modified":"2022-09-02T23:10:03","modified_gmt":"2022-09-02T21:10:03","slug":"aixi-son-els-radars-de-tram","status":"publish","type":"post","link":"https:\/\/blog.applusiteuve.com\/ca\/aixi-son-els-radars-de-tram\/","title":{"rendered":"Aix\u00ed s\u00f3n els radars de tram"},"content":{"rendered":"<p>Funcionen des del 2010 i serveixen per controlar la velocitat en punts concrets de la carretera a trav\u00e9s de c\u00e0meres de visi\u00f3 artificial. Calculen la velocitat mitjana de cada vehicle i sancionen els que superin el l\u00edmit establert.<\/p>\n<h2><strong>Ubicaci\u00f3 i senyalitzaci\u00f3<\/strong><\/h2>\n<p>Instal\u00b7lats en autopistes, autovies i carreteres, tenen diversos quil\u00f2metres de longitud i estan precedits d&#8217;un senyal que adverteix de la seva col\u00b7locaci\u00f3.<\/p>\n<h2><strong>\u201cRadars\u201d<\/strong><\/h2>\n<p>No s\u00f3n estrictament radars, sin\u00f3 un sistema de control a trav\u00e9s de l&#8217;enregistrament. Un equip de c\u00e0meres grava de manera continuada el tram i identifica les matr\u00edcules a l&#8217;entrada i la sortida. Posteriorment, un ordinador tra\u00e7a la velocitat mitjana de cada vehicle relacionant-lo amb la matr\u00edcula.<\/p>\n<h2><strong>Sanci\u00f3 autom\u00e0tica<\/strong><\/h2>\n<p>Circular a la velocitat permesa o per sota no suposa infracci\u00f3, per\u00f2 el fet de superar-la genera una sanci\u00f3 autom\u00e0tica, tramitant den\u00fancia per aix\u00f2.<\/p>\n<p>Des d&#8217;Applus+ apel\u00b7lem al sentit com\u00fa. Respectar els l\u00edmits de velocitat \u00e9s una cosa que cap conductor no hauria de perdre de vista. Fer-ho evita la gran majoria de sinistres a les carreteres.<\/p>\n<p>Tenir el vehicle en bon estat \u00e9s un altre dels factors que evita accidents, si tens pendent la revisi\u00f3 peri\u00f2dica estarem encantats de rebre&#8217;t. <a href=\"https:\/\/www.applusiteuve.com\/es-es\/\">Demana cita pr\u00e8via ITV<\/a> i comprovarem cada aspecte al detall.<\/p>\n<p>No oblidis subscriure&#8217;t al <a href=\"https:\/\/www.youtube.com\/channel\/UCCrwGUAApqGmBKp83RKaTpA\">nostre canal de Youtube<\/a>!<\/p>\n","protected":false},"excerpt":{"rendered":"<p>Funcionen des del 2010 i serveixen per controlar la velocitat en punts concrets de la carretera a trav\u00e9s de c\u00e0meres de visi\u00f3 artificial. Calculen la velocitat mitjana de cada vehicle i sancionen els que superin el l\u00edmit establert. Ubicaci\u00f3 i senyalitzaci\u00f3 Instal\u00b7lats en autopistes, autovies&#8230;<\/p>\n","protected":false},"author":2,"featured_media":9065,"comment_status":"open","ping_status":"open","sticky":false,"template":"","format":"standard","meta":[],"categories":[218],"tags":[],"yoast_head":"<!-- This site is optimized with the Yoast SEO plugin v17.5 - https:\/\/yoast.com\/wordpress\/plugins\/seo\/ -->\n<title>Descobreix com s\u00f3n i quina funci\u00f3 tenen els radars de tram<\/title>\n<meta name=\"description\" content=\"Avui parlem dels radars de tram. Hi ha des del 2010 i s\u00f3n un gran aliat per controlar la velocitat en autopistes, autovies o carreteres\" \/>\n<meta name=\"robots\" content=\"index, follow, max-snippet:-1, max-image-preview:large, max-video-preview:-1\" \/>\n<link rel=\"canonical\" href=\"https:\/\/blog.applusiteuve.com\/ca\/aixi-son-els-radars-de-tram\/\" \/>\n<meta property=\"og:locale\" content=\"ca_ES\" \/>\n<meta property=\"og:type\" content=\"article\" \/>\n<meta property=\"og:title\" content=\"Descobreix com s\u00f3n i quina funci\u00f3 tenen els radars de tram\" \/>\n<meta property=\"og:description\" content=\"Avui parlem dels radars de tram. Hi ha des del 2010 i s\u00f3n un gran aliat per controlar la velocitat en autopistes, autovies o carreteres\" \/>\n<meta property=\"og:url\" content=\"https:\/\/blog.applusiteuve.com\/ca\/aixi-son-els-radars-de-tram\/\" \/>\n<meta property=\"og:site_name\" content=\"Blog Applus+ ITV\" \/>\n<meta property=\"article:published_time\" content=\"2022-09-05T08:30:21+00:00\" \/>\n<meta property=\"article:modified_time\" content=\"2022-09-02T21:10:03+00:00\" \/>\n<meta property=\"og:image\" content=\"https:\/\/blog.applusiteuve.com\/wp-content\/uploads\/2022\/09\/Applus-Templates-facebook-1-e1662152886361.png\" \/>\n\t<meta property=\"og:image:width\" content=\"950\" \/>\n\t<meta property=\"og:image:height\" content=\"496\" \/>\n<meta name=\"twitter:label1\" content=\"Escrit per\" \/>\n\t<meta name=\"twitter:data1\" content=\"@applus\" \/>\n\t<meta name=\"twitter:label2\" content=\"Temps estimat de lectura\" \/>\n\t<meta name=\"twitter:data2\" content=\"1 minut\" \/>\n<script type=\"application\/ld+json\" class=\"yoast-schema-graph\">{\"@context\":\"https:\/\/schema.org\",\"@graph\":[{\"@type\":\"WebSite\",\"@id\":\"https:\/\/blog.applusiteuve.com\/#website\",\"url\":\"https:\/\/blog.applusiteuve.com\/\",\"name\":\"Blog Applus+ ITV\",\"description\":\"Todo sobre seguridad vial, mundo del motor, ITV y mucho m\\u00e1s en el blog SOS Carretera.\",\"potentialAction\":[{\"@type\":\"SearchAction\",\"target\":{\"@type\":\"EntryPoint\",\"urlTemplate\":\"https:\/\/blog.applusiteuve.com\/?s={search_term_string}\"},\"query-input\":\"required name=search_term_string\"}],\"inLanguage\":\"ca\"},{\"@type\":\"ImageObject\",\"@id\":\"https:\/\/blog.applusiteuve.com\/ca\/aixi-son-els-radars-de-tram\/#primaryimage\",\"inLanguage\":\"ca\",\"url\":\"https:\/\/blog.applusiteuve.com\/wp-content\/uploads\/2022\/09\/Applus-Templates-facebook-1-e1662152886361.png\",\"contentUrl\":\"https:\/\/blog.applusiteuve.com\/wp-content\/uploads\/2022\/09\/Applus-Templates-facebook-1-e1662152886361.png\",\"width\":950,\"height\":496},{\"@type\":\"WebPage\",\"@id\":\"https:\/\/blog.applusiteuve.com\/ca\/aixi-son-els-radars-de-tram\/#webpage\",\"url\":\"https:\/\/blog.applusiteuve.com\/ca\/aixi-son-els-radars-de-tram\/\",\"name\":\"Descobreix com s\\u00f3n i quina funci\\u00f3 tenen els radars de tram\",\"isPartOf\":{\"@id\":\"https:\/\/blog.applusiteuve.com\/#website\"},\"primaryImageOfPage\":{\"@id\":\"https:\/\/blog.applusiteuve.com\/ca\/aixi-son-els-radars-de-tram\/#primaryimage\"},\"datePublished\":\"2022-09-05T08:30:21+00:00\",\"dateModified\":\"2022-09-02T21:10:03+00:00\",\"author\":{\"@id\":\"https:\/\/blog.applusiteuve.com\/#\/schema\/person\/7427404b7ff7544f9378d7d10b65a935\"},\"description\":\"Avui parlem dels radars de tram. Hi ha des del 2010 i s\\u00f3n un gran aliat per controlar la velocitat en autopistes, autovies o carreteres\",\"breadcrumb\":{\"@id\":\"https:\/\/blog.applusiteuve.com\/ca\/aixi-son-els-radars-de-tram\/#breadcrumb\"},\"inLanguage\":\"ca\",\"potentialAction\":[{\"@type\":\"ReadAction\",\"target\":[\"https:\/\/blog.applusiteuve.com\/ca\/aixi-son-els-radars-de-tram\/\"]}]},{\"@type\":\"BreadcrumbList\",\"@id\":\"https:\/\/blog.applusiteuve.com\/ca\/aixi-son-els-radars-de-tram\/#breadcrumb\",\"itemListElement\":[{\"@type\":\"ListItem\",\"position\":1,\"name\":\"Portada\",\"item\":\"https:\/\/blog.applusiteuve.com\/ca\/\"},{\"@type\":\"ListItem\",\"position\":2,\"name\":\"Aix\\u00ed s\\u00f3n els radars de tram\"}]},{\"@type\":\"Person\",\"@id\":\"https:\/\/blog.applusiteuve.com\/#\/schema\/person\/7427404b7ff7544f9378d7d10b65a935\",\"name\":\"@applus\",\"image\":{\"@type\":\"ImageObject\",\"@id\":\"https:\/\/blog.applusiteuve.com\/#personlogo\",\"inLanguage\":\"ca\",\"url\":\"https:\/\/secure.gravatar.com\/avatar\/cd43fb589c6c7c98b5db140709497436?s=96&d=mm&r=g\",\"contentUrl\":\"https:\/\/secure.gravatar.com\/avatar\/cd43fb589c6c7c98b5db140709497436?s=96&d=mm&r=g\",\"caption\":\"@applus\"},\"url\":\"https:\/\/blog.applusiteuve.com\/ca\/author\/applus\/\"}]}<\/script>\n<!-- \/ Yoast SEO plugin. -->","yoast_head_json":{"title":"Descobreix com s\u00f3n i quina funci\u00f3 tenen els radars de tram","description":"Avui parlem dels radars de tram. Hi ha des del 2010 i s\u00f3n un gran aliat per controlar la velocitat en autopistes, autovies o carreteres","robots":{"index":"index","follow":"follow","max-snippet":"max-snippet:-1","max-image-preview":"max-image-preview:large","max-video-preview":"max-video-preview:-1"},"canonical":"https:\/\/blog.applusiteuve.com\/ca\/aixi-son-els-radars-de-tram\/","og_locale":"ca_ES","og_type":"article","og_title":"Descobreix com s\u00f3n i quina funci\u00f3 tenen els radars de tram","og_description":"Avui parlem dels radars de tram. Hi ha des del 2010 i s\u00f3n un gran aliat per controlar la velocitat en autopistes, autovies o carreteres","og_url":"https:\/\/blog.applusiteuve.com\/ca\/aixi-son-els-radars-de-tram\/","og_site_name":"Blog Applus+ ITV","article_published_time":"2022-09-05T08:30:21+00:00","article_modified_time":"2022-09-02T21:10:03+00:00","og_image":[{"width":950,"height":496,"url":"https:\/\/blog.applusiteuve.com\/wp-content\/uploads\/2022\/09\/Applus-Templates-facebook-1-e1662152886361.png","type":"image\/png"}],"twitter_misc":{"Escrit per":"@applus","Temps estimat de lectura":"1 minut"},"schema":{"@context":"https:\/\/schema.org","@graph":[{"@type":"WebSite","@id":"https:\/\/blog.applusiteuve.com\/#website","url":"https:\/\/blog.applusiteuve.com\/","name":"Blog Applus+ ITV","description":"Todo sobre seguridad vial, mundo del motor, ITV y mucho m\u00e1s en el blog SOS Carretera.","potentialAction":[{"@type":"SearchAction","target":{"@type":"EntryPoint","urlTemplate":"https:\/\/blog.applusiteuve.com\/?s={search_term_string}"},"query-input":"required name=search_term_string"}],"inLanguage":"ca"},{"@type":"ImageObject","@id":"https:\/\/blog.applusiteuve.com\/ca\/aixi-son-els-radars-de-tram\/#primaryimage","inLanguage":"ca","url":"https:\/\/blog.applusiteuve.com\/wp-content\/uploads\/2022\/09\/Applus-Templates-facebook-1-e1662152886361.png","contentUrl":"https:\/\/blog.applusiteuve.com\/wp-content\/uploads\/2022\/09\/Applus-Templates-facebook-1-e1662152886361.png","width":950,"height":496},{"@type":"WebPage","@id":"https:\/\/blog.applusiteuve.com\/ca\/aixi-son-els-radars-de-tram\/#webpage","url":"https:\/\/blog.applusiteuve.com\/ca\/aixi-son-els-radars-de-tram\/","name":"Descobreix com s\u00f3n i quina funci\u00f3 tenen els radars de tram","isPartOf":{"@id":"https:\/\/blog.applusiteuve.com\/#website"},"primaryImageOfPage":{"@id":"https:\/\/blog.applusiteuve.com\/ca\/aixi-son-els-radars-de-tram\/#primaryimage"},"datePublished":"2022-09-05T08:30:21+00:00","dateModified":"2022-09-02T21:10:03+00:00","author":{"@id":"https:\/\/blog.applusiteuve.com\/#\/schema\/person\/7427404b7ff7544f9378d7d10b65a935"},"description":"Avui parlem dels radars de tram. Hi ha des del 2010 i s\u00f3n un gran aliat per controlar la velocitat en autopistes, autovies o carreteres","breadcrumb":{"@id":"https:\/\/blog.applusiteuve.com\/ca\/aixi-son-els-radars-de-tram\/#breadcrumb"},"inLanguage":"ca","potentialAction":[{"@type":"ReadAction","target":["https:\/\/blog.applusiteuve.com\/ca\/aixi-son-els-radars-de-tram\/"]}]},{"@type":"BreadcrumbList","@id":"https:\/\/blog.applusiteuve.com\/ca\/aixi-son-els-radars-de-tram\/#breadcrumb","itemListElement":[{"@type":"ListItem","position":1,"name":"Portada","item":"https:\/\/blog.applusiteuve.com\/ca\/"},{"@type":"ListItem","position":2,"name":"Aix\u00ed s\u00f3n els radars de tram"}]},{"@type":"Person","@id":"https:\/\/blog.applusiteuve.com\/#\/schema\/person\/7427404b7ff7544f9378d7d10b65a935","name":"@applus","image":{"@type":"ImageObject","@id":"https:\/\/blog.applusiteuve.com\/#personlogo","inLanguage":"ca","url":"https:\/\/secure.gravatar.com\/avatar\/cd43fb589c6c7c98b5db140709497436?s=96&d=mm&r=g","contentUrl":"https:\/\/secure.gravatar.com\/avatar\/cd43fb589c6c7c98b5db140709497436?s=96&d=mm&r=g","caption":"@applus"},"url":"https:\/\/blog.applusiteuve.com\/ca\/author\/applus\/"}]}},"_links":{"self":[{"href":"https:\/\/blog.applusiteuve.com\/ca\/wp-json\/wp\/v2\/posts\/9069"}],"collection":[{"href":"https:\/\/blog.applusiteuve.com\/ca\/wp-json\/wp\/v2\/posts"}],"about":[{"href":"https:\/\/blog.applusiteuve.com\/ca\/wp-json\/wp\/v2\/types\/post"}],"author":[{"embeddable":true,"href":"https:\/\/blog.applusiteuve.com\/ca\/wp-json\/wp\/v2\/users\/2"}],"replies":[{"embeddable":true,"href":"https:\/\/blog.applusiteuve.com\/ca\/wp-json\/wp\/v2\/comments?post=9069"}],"version-history":[{"count":2,"href":"https:\/\/blog.applusiteuve.com\/ca\/wp-json\/wp\/v2\/posts\/9069\/revisions"}],"predecessor-version":[{"id":9071,"href":"https:\/\/blog.applusiteuve.com\/ca\/wp-json\/wp\/v2\/posts\/9069\/revisions\/9071"}],"wp:featuredmedia":[{"embeddable":true,"href":"https:\/\/blog.applusiteuve.com\/ca\/wp-json\/wp\/v2\/media\/9065"}],"wp:attachment":[{"href":"https:\/\/blog.applusiteuve.com\/ca\/wp-json\/wp\/v2\/media?parent=9069"}],"wp:term":[{"taxonomy":"category","embeddable":true,"href":"https:\/\/blog.applusiteuve.com\/ca\/wp-json\/wp\/v2\/categories?post=9069"},{"taxonomy":"post_tag","embeddable":true,"href":"https:\/\/blog.applusiteuve.com\/ca\/wp-json\/wp\/v2\/tags?post=9069"}],"curies":[{"name":"wp","href":"https:\/\/api.w.org\/{rel}","templated":true}]}}