{"id":9099,"date":"2022-09-16T10:30:00","date_gmt":"2022-09-16T08:30:00","guid":{"rendered":"https:\/\/blog.applusiteuve.com\/?p=9099"},"modified":"2022-09-15T11:34:48","modified_gmt":"2022-09-15T09:34:48","slug":"cotxes-de-segona-ma-mes-cars-que-els-nous","status":"publish","type":"post","link":"https:\/\/blog.applusiteuve.com\/ca\/cotxes-de-segona-ma-mes-cars-que-els-nous\/","title":{"rendered":"Cotxes de segona m\u00e0 m\u00e9s cars que un de nou"},"content":{"rendered":"<p>Per incre\u00efble que sembli, la manca de determinats productes a f\u00e0briques i les demores als lliuraments, activen el mercat de segona m\u00e0. Aquest fet ha provocat l&#8217;augment del preu dels vehicles d&#8217;ocasi\u00f3, cosa que fa que avui un cotxe de segona m\u00e0 resulti m\u00e9s car que un de nou.<\/p>\n<h2><strong>Des dels Estats Units<\/strong><\/h2>\n<p>El portal nord-americ\u00e0 iSeeCars, de compra i venda de vehicles, ha alertat, mitjan\u00e7ant un estudi, aquesta nova situaci\u00f3. Al seu informe especifiquen que models com el Mercedes Classe G, el Chevrolet Corvette o altres m\u00e9s assequibles com el Toyota RAV4 Hybrid, s\u00f3n m\u00e9s cars de segona m\u00e0 que comprats nous al concessionari.<\/p>\n<p>Aquest estudi es basa en els primers 1,5 milions de vehicles (nous o usats) venuts als Estats Units durant el mes de gener del present any.<\/p>\n<h2><strong>Lliurament tard\u00e0<\/strong><\/h2>\n<p>Els temps de lliurament d&#8217;un vehicle nou han anat augmentat, per diferents motius, fins a satisfer la paci\u00e8ncia de molts clients. Aquesta demora, en alguns casos, ha esdevingut anys.<\/p>\n<h2><strong>Manca de subministrament<\/strong><\/h2>\n<p>Aquests retards es deuen, principalment, a la manca de components. La no obtenci\u00f3 de microxips, per exemple, pot paralitzar temporalment el funcionament d&#8217;una f\u00e0brica, provocant aix\u00ed un emb\u00fas i un d\u00e8ficit enorme en la distribuci\u00f3.<\/p>\n<h2><strong>Difer\u00e8ncia en augment<\/strong><\/h2>\n<p>Aquest fet, lluny de solucionar-se, continua augmentant situant els cotxes de segona m\u00e0 en un preu cada vegada m\u00e9s alt que els nous. Segons l&#8217;estudi abans esmentat, el Mercedes Classe G ara seria un 21,5% m\u00e9s car que el seu model a estrenar. En el cas del Chevrolet Trailblazer, l&#8217;augment \u00e9s del 16,4%. En tots dos casos parlem de vehicles de m\u00e9s d&#8217;un any d&#8217;antiguitat.<\/p>\n<h2><strong>Qu\u00e8 passa a Espanya?<\/strong><\/h2>\n<p>Al nostre pa\u00eds, no semblem (per ara) abocats a aquest extrem, encara que circumst\u00e0ncies semblants i l&#8217;encariment dels vehicles nous estan provocant que hi hagi un mercat actiu de vehicles d&#8217;ocasi\u00f3.<\/p>\n<p>Sigui com sigui el teu vehicle, des d&#8217;Applus+ et recomanem tenir-lo sempre en perfecte estat, per evitar aix\u00ed avaries o accidents. <a href=\"https:\/\/www.applusiteuve.com\/es-es\/\">Demana cita pr\u00e8via ITV<\/a> a qualsevol de les nostres estacions i nosaltres ens encarreguem de la resta.<\/p>\n<p>No oblidis subscriure&#8217;t al <a href=\"https:\/\/www.youtube.com\/channel\/UCCrwGUAApqGmBKp83RKaTpA\">nostre canal de Youtube<\/a>!<\/p>\n","protected":false},"excerpt":{"rendered":"<p>Per incre\u00efble que sembli, la manca de determinats productes a f\u00e0briques i les demores als lliuraments, activen el mercat de segona m\u00e0. Aquest fet ha provocat l&#8217;augment del preu dels vehicles d&#8217;ocasi\u00f3, cosa que fa que avui un cotxe de segona m\u00e0 resulti m\u00e9s car&#8230;<\/p>\n","protected":false},"author":2,"featured_media":9094,"comment_status":"open","ping_status":"open","sticky":false,"template":"","format":"standard","meta":[],"categories":[216],"tags":[],"yoast_head":"<!-- This site is optimized with the Yoast SEO plugin v17.5 - https:\/\/yoast.com\/wordpress\/plugins\/seo\/ -->\n<title>S\u00f3n ara m\u00e9s cars els cotxes de segona m\u00e0 que els nous?<\/title>\n<meta name=\"description\" content=\"Un estudi realitzat als Estats Units indica una al\u00e7a en el preu dels vehicles d&#039;ocasi\u00f3, superant els cotxes nous. T&#039;expliquem per qu\u00e8\" \/>\n<meta name=\"robots\" content=\"index, follow, max-snippet:-1, max-image-preview:large, max-video-preview:-1\" \/>\n<link rel=\"canonical\" href=\"https:\/\/blog.applusiteuve.com\/ca\/cotxes-de-segona-ma-mes-cars-que-els-nous\/\" \/>\n<meta property=\"og:locale\" content=\"ca_ES\" \/>\n<meta property=\"og:type\" content=\"article\" \/>\n<meta property=\"og:title\" content=\"S\u00f3n ara m\u00e9s cars els cotxes de segona m\u00e0 que els nous?\" \/>\n<meta property=\"og:description\" content=\"Un estudi realitzat als Estats Units indica una al\u00e7a en el preu dels vehicles d&#039;ocasi\u00f3, superant els cotxes nous. T&#039;expliquem per qu\u00e8\" \/>\n<meta property=\"og:url\" content=\"https:\/\/blog.applusiteuve.com\/ca\/cotxes-de-segona-ma-mes-cars-que-els-nous\/\" \/>\n<meta property=\"og:site_name\" content=\"Blog Applus+ ITV\" \/>\n<meta property=\"article:published_time\" content=\"2022-09-16T08:30:00+00:00\" \/>\n<meta property=\"article:modified_time\" content=\"2022-09-15T09:34:48+00:00\" \/>\n<meta property=\"og:image\" content=\"https:\/\/blog.applusiteuve.com\/wp-content\/uploads\/2022\/09\/Applus-Templates-facebook-3-1-e1663234216479.png\" \/>\n\t<meta property=\"og:image:width\" content=\"950\" \/>\n\t<meta property=\"og:image:height\" content=\"496\" \/>\n<meta name=\"twitter:label1\" content=\"Escrit per\" \/>\n\t<meta name=\"twitter:data1\" content=\"@applus\" \/>\n\t<meta name=\"twitter:label2\" content=\"Temps estimat de lectura\" \/>\n\t<meta name=\"twitter:data2\" content=\"2 minuts\" \/>\n<script type=\"application\/ld+json\" class=\"yoast-schema-graph\">{\"@context\":\"https:\/\/schema.org\",\"@graph\":[{\"@type\":\"WebSite\",\"@id\":\"https:\/\/blog.applusiteuve.com\/#website\",\"url\":\"https:\/\/blog.applusiteuve.com\/\",\"name\":\"Blog Applus+ ITV\",\"description\":\"Todo sobre seguridad vial, mundo del motor, ITV y mucho m\\u00e1s en el blog SOS Carretera.\",\"potentialAction\":[{\"@type\":\"SearchAction\",\"target\":{\"@type\":\"EntryPoint\",\"urlTemplate\":\"https:\/\/blog.applusiteuve.com\/?s={search_term_string}\"},\"query-input\":\"required name=search_term_string\"}],\"inLanguage\":\"ca\"},{\"@type\":\"ImageObject\",\"@id\":\"https:\/\/blog.applusiteuve.com\/ca\/cotxes-de-segona-ma-mes-cars-que-els-nous\/#primaryimage\",\"inLanguage\":\"ca\",\"url\":\"https:\/\/blog.applusiteuve.com\/wp-content\/uploads\/2022\/09\/Applus-Templates-facebook-3-1-e1663234216479.png\",\"contentUrl\":\"https:\/\/blog.applusiteuve.com\/wp-content\/uploads\/2022\/09\/Applus-Templates-facebook-3-1-e1663234216479.png\",\"width\":950,\"height\":496},{\"@type\":\"WebPage\",\"@id\":\"https:\/\/blog.applusiteuve.com\/ca\/cotxes-de-segona-ma-mes-cars-que-els-nous\/#webpage\",\"url\":\"https:\/\/blog.applusiteuve.com\/ca\/cotxes-de-segona-ma-mes-cars-que-els-nous\/\",\"name\":\"S\\u00f3n ara m\\u00e9s cars els cotxes de segona m\\u00e0 que els nous?\",\"isPartOf\":{\"@id\":\"https:\/\/blog.applusiteuve.com\/#website\"},\"primaryImageOfPage\":{\"@id\":\"https:\/\/blog.applusiteuve.com\/ca\/cotxes-de-segona-ma-mes-cars-que-els-nous\/#primaryimage\"},\"datePublished\":\"2022-09-16T08:30:00+00:00\",\"dateModified\":\"2022-09-15T09:34:48+00:00\",\"author\":{\"@id\":\"https:\/\/blog.applusiteuve.com\/#\/schema\/person\/7427404b7ff7544f9378d7d10b65a935\"},\"description\":\"Un estudi realitzat als Estats Units indica una al\\u00e7a en el preu dels vehicles d'ocasi\\u00f3, superant els cotxes nous. T'expliquem per qu\\u00e8\",\"breadcrumb\":{\"@id\":\"https:\/\/blog.applusiteuve.com\/ca\/cotxes-de-segona-ma-mes-cars-que-els-nous\/#breadcrumb\"},\"inLanguage\":\"ca\",\"potentialAction\":[{\"@type\":\"ReadAction\",\"target\":[\"https:\/\/blog.applusiteuve.com\/ca\/cotxes-de-segona-ma-mes-cars-que-els-nous\/\"]}]},{\"@type\":\"BreadcrumbList\",\"@id\":\"https:\/\/blog.applusiteuve.com\/ca\/cotxes-de-segona-ma-mes-cars-que-els-nous\/#breadcrumb\",\"itemListElement\":[{\"@type\":\"ListItem\",\"position\":1,\"name\":\"Portada\",\"item\":\"https:\/\/blog.applusiteuve.com\/ca\/\"},{\"@type\":\"ListItem\",\"position\":2,\"name\":\"Cotxes de segona m\\u00e0 m\\u00e9s cars que un de nou\"}]},{\"@type\":\"Person\",\"@id\":\"https:\/\/blog.applusiteuve.com\/#\/schema\/person\/7427404b7ff7544f9378d7d10b65a935\",\"name\":\"@applus\",\"image\":{\"@type\":\"ImageObject\",\"@id\":\"https:\/\/blog.applusiteuve.com\/#personlogo\",\"inLanguage\":\"ca\",\"url\":\"https:\/\/secure.gravatar.com\/avatar\/cd43fb589c6c7c98b5db140709497436?s=96&d=mm&r=g\",\"contentUrl\":\"https:\/\/secure.gravatar.com\/avatar\/cd43fb589c6c7c98b5db140709497436?s=96&d=mm&r=g\",\"caption\":\"@applus\"},\"url\":\"https:\/\/blog.applusiteuve.com\/ca\/author\/applus\/\"}]}<\/script>\n<!-- \/ Yoast SEO plugin. -->","yoast_head_json":{"title":"S\u00f3n ara m\u00e9s cars els cotxes de segona m\u00e0 que els nous?","description":"Un estudi realitzat als Estats Units indica una al\u00e7a en el preu dels vehicles d'ocasi\u00f3, superant els cotxes nous. T'expliquem per qu\u00e8","robots":{"index":"index","follow":"follow","max-snippet":"max-snippet:-1","max-image-preview":"max-image-preview:large","max-video-preview":"max-video-preview:-1"},"canonical":"https:\/\/blog.applusiteuve.com\/ca\/cotxes-de-segona-ma-mes-cars-que-els-nous\/","og_locale":"ca_ES","og_type":"article","og_title":"S\u00f3n ara m\u00e9s cars els cotxes de segona m\u00e0 que els nous?","og_description":"Un estudi realitzat als Estats Units indica una al\u00e7a en el preu dels vehicles d'ocasi\u00f3, superant els cotxes nous. T'expliquem per qu\u00e8","og_url":"https:\/\/blog.applusiteuve.com\/ca\/cotxes-de-segona-ma-mes-cars-que-els-nous\/","og_site_name":"Blog Applus+ ITV","article_published_time":"2022-09-16T08:30:00+00:00","article_modified_time":"2022-09-15T09:34:48+00:00","og_image":[{"width":950,"height":496,"url":"https:\/\/blog.applusiteuve.com\/wp-content\/uploads\/2022\/09\/Applus-Templates-facebook-3-1-e1663234216479.png","type":"image\/png"}],"twitter_misc":{"Escrit per":"@applus","Temps estimat de lectura":"2 minuts"},"schema":{"@context":"https:\/\/schema.org","@graph":[{"@type":"WebSite","@id":"https:\/\/blog.applusiteuve.com\/#website","url":"https:\/\/blog.applusiteuve.com\/","name":"Blog Applus+ ITV","description":"Todo sobre seguridad vial, mundo del motor, ITV y mucho m\u00e1s en el blog SOS Carretera.","potentialAction":[{"@type":"SearchAction","target":{"@type":"EntryPoint","urlTemplate":"https:\/\/blog.applusiteuve.com\/?s={search_term_string}"},"query-input":"required name=search_term_string"}],"inLanguage":"ca"},{"@type":"ImageObject","@id":"https:\/\/blog.applusiteuve.com\/ca\/cotxes-de-segona-ma-mes-cars-que-els-nous\/#primaryimage","inLanguage":"ca","url":"https:\/\/blog.applusiteuve.com\/wp-content\/uploads\/2022\/09\/Applus-Templates-facebook-3-1-e1663234216479.png","contentUrl":"https:\/\/blog.applusiteuve.com\/wp-content\/uploads\/2022\/09\/Applus-Templates-facebook-3-1-e1663234216479.png","width":950,"height":496},{"@type":"WebPage","@id":"https:\/\/blog.applusiteuve.com\/ca\/cotxes-de-segona-ma-mes-cars-que-els-nous\/#webpage","url":"https:\/\/blog.applusiteuve.com\/ca\/cotxes-de-segona-ma-mes-cars-que-els-nous\/","name":"S\u00f3n ara m\u00e9s cars els cotxes de segona m\u00e0 que els nous?","isPartOf":{"@id":"https:\/\/blog.applusiteuve.com\/#website"},"primaryImageOfPage":{"@id":"https:\/\/blog.applusiteuve.com\/ca\/cotxes-de-segona-ma-mes-cars-que-els-nous\/#primaryimage"},"datePublished":"2022-09-16T08:30:00+00:00","dateModified":"2022-09-15T09:34:48+00:00","author":{"@id":"https:\/\/blog.applusiteuve.com\/#\/schema\/person\/7427404b7ff7544f9378d7d10b65a935"},"description":"Un estudi realitzat als Estats Units indica una al\u00e7a en el preu dels vehicles d'ocasi\u00f3, superant els cotxes nous. T'expliquem per qu\u00e8","breadcrumb":{"@id":"https:\/\/blog.applusiteuve.com\/ca\/cotxes-de-segona-ma-mes-cars-que-els-nous\/#breadcrumb"},"inLanguage":"ca","potentialAction":[{"@type":"ReadAction","target":["https:\/\/blog.applusiteuve.com\/ca\/cotxes-de-segona-ma-mes-cars-que-els-nous\/"]}]},{"@type":"BreadcrumbList","@id":"https:\/\/blog.applusiteuve.com\/ca\/cotxes-de-segona-ma-mes-cars-que-els-nous\/#breadcrumb","itemListElement":[{"@type":"ListItem","position":1,"name":"Portada","item":"https:\/\/blog.applusiteuve.com\/ca\/"},{"@type":"ListItem","position":2,"name":"Cotxes de segona m\u00e0 m\u00e9s cars que un de nou"}]},{"@type":"Person","@id":"https:\/\/blog.applusiteuve.com\/#\/schema\/person\/7427404b7ff7544f9378d7d10b65a935","name":"@applus","image":{"@type":"ImageObject","@id":"https:\/\/blog.applusiteuve.com\/#personlogo","inLanguage":"ca","url":"https:\/\/secure.gravatar.com\/avatar\/cd43fb589c6c7c98b5db140709497436?s=96&d=mm&r=g","contentUrl":"https:\/\/secure.gravatar.com\/avatar\/cd43fb589c6c7c98b5db140709497436?s=96&d=mm&r=g","caption":"@applus"},"url":"https:\/\/blog.applusiteuve.com\/ca\/author\/applus\/"}]}},"_links":{"self":[{"href":"https:\/\/blog.applusiteuve.com\/ca\/wp-json\/wp\/v2\/posts\/9099"}],"collection":[{"href":"https:\/\/blog.applusiteuve.com\/ca\/wp-json\/wp\/v2\/posts"}],"about":[{"href":"https:\/\/blog.applusiteuve.com\/ca\/wp-json\/wp\/v2\/types\/post"}],"author":[{"embeddable":true,"href":"https:\/\/blog.applusiteuve.com\/ca\/wp-json\/wp\/v2\/users\/2"}],"replies":[{"embeddable":true,"href":"https:\/\/blog.applusiteuve.com\/ca\/wp-json\/wp\/v2\/comments?post=9099"}],"version-history":[{"count":2,"href":"https:\/\/blog.applusiteuve.com\/ca\/wp-json\/wp\/v2\/posts\/9099\/revisions"}],"predecessor-version":[{"id":9101,"href":"https:\/\/blog.applusiteuve.com\/ca\/wp-json\/wp\/v2\/posts\/9099\/revisions\/9101"}],"wp:featuredmedia":[{"embeddable":true,"href":"https:\/\/blog.applusiteuve.com\/ca\/wp-json\/wp\/v2\/media\/9094"}],"wp:attachment":[{"href":"https:\/\/blog.applusiteuve.com\/ca\/wp-json\/wp\/v2\/media?parent=9099"}],"wp:term":[{"taxonomy":"category","embeddable":true,"href":"https:\/\/blog.applusiteuve.com\/ca\/wp-json\/wp\/v2\/categories?post=9099"},{"taxonomy":"post_tag","embeddable":true,"href":"https:\/\/blog.applusiteuve.com\/ca\/wp-json\/wp\/v2\/tags?post=9099"}],"curies":[{"name":"wp","href":"https:\/\/api.w.org\/{rel}","templated":true}]}}