{"id":9215,"date":"2022-10-17T10:30:46","date_gmt":"2022-10-17T08:30:46","guid":{"rendered":"https:\/\/blog.applusiteuve.com\/?p=9215"},"modified":"2022-10-14T13:22:30","modified_gmt":"2022-10-14T11:22:30","slug":"curs-de-seguretat-viaria","status":"publish","type":"post","link":"https:\/\/blog.applusiteuve.com\/ca\/curs-de-seguretat-viaria\/","title":{"rendered":"Curs de seguretat vi\u00e0ria"},"content":{"rendered":"<p>L&#8217;actual curs 2022-23, ser\u00e0 el primer en oferir temes de seguretat vi\u00e0ria (dissenyats per la DGT) a col\u00b7legis i instituts del nostre pa\u00eds, aix\u00f2 inclou Prim\u00e0ria, Secund\u00e0ria i Batxillerat. D&#8217;aquesta manera, tota l&#8217;etapa escolar quedar\u00e0 coberta amb una formaci\u00f3 que era reclamada de temps enrere.<\/p>\n<p>A Applus+ en el nostre afany de millorar la seguretat vi\u00e0ria i el descens de la sinistralitat a les carreteres, portem m\u00e9s de 10 anys impartint aquest tipus d&#8217;accions a escoles de Prim\u00e0ria, utilitzant els circuits de seguretat que tenim als nostres centres ITV. Aquesta acci\u00f3 est\u00e0 coordinada juntament amb la Policia Local.<\/p>\n<h2><strong>Etapes<\/strong><\/h2>\n<p>L&#8217;educaci\u00f3 vi\u00e0ria conviur\u00e0 amb els alumnes i anir\u00e0 progressant en la mesura que ho facin ells. Aix\u00ed, a Prim\u00e0ria es fomentaran valors com la mobilitat segura, saludable i sostenible. Es promouran aspectes com ara els camins escolars segurs o l&#8217;\u00fas de la bicicleta.<\/p>\n<p>A Secund\u00e0ria i Batxillerat, es treballaran m\u00e9s valors centrats en la seguretat vi\u00e0ria, amb activitats com escape rooms o el projecte europeu Safety Tunes.<\/p>\n<h2><strong>Mat\u00e8ries relacionades<\/strong><\/h2>\n<p>Les comunitats aut\u00f2nomes, i cada centre educatiu en particular, necessitaran i ubicaran els diferents continguts en mat\u00e8ries relacionades. Aix\u00ed, coneixements relacionats amb la seguretat o la sostenibilitat, seran donats en assignatures com ara, Coneixement del Medi, Educaci\u00f3 de Valors i tamb\u00e9 Educaci\u00f3 F\u00edsica.<\/p>\n<h2><strong>La DGT present<\/strong><\/h2>\n<p>La Direcci\u00f3 General de Tr\u00e0nsit, com a impulsora d&#8217;aquesta iniciativa, estar\u00e0 molt present oferint suport als continguts a trav\u00e9s de la seva p\u00e0gina web o amb la figura dels Coordinadors Provincials d&#8217;Educaci\u00f3 Vial. Es tracta de personal vinculat a cada Prefectura Provincial de Tr\u00e0nsit que ajudar\u00e0 en qualsevol moment del proc\u00e9s.<\/p>\n<p>Des d&#8217;Applus+ celebrem l&#8217;arrencada d&#8217;aquest curs amb aquesta novetat important\u00edssima, que ajudar\u00e0 a sensibilitzar (encara m\u00e9s) els m\u00e9s petits. La seguretat vi\u00e0ria \u00e9s tamb\u00e9 el nostre pilar m\u00e9s b\u00e0sic i sempre ha de ser al centre. Ajuda a aix\u00f2, mantenir el teu vehicle al millor estat. <a href=\"https:\/\/www.applusiteuve.com\/es-es\/\">Demana cita pr\u00e8via ITV<\/a> a qualsevol de les nostres estacions i circula segur.<\/p>\n<p>No oblidis subscriure&#8217;t al <a href=\"https:\/\/www.youtube.com\/channel\/UCCrwGUAApqGmBKp83RKaTpA\">nostre canal de Youtube<\/a>!<\/p>\n","protected":false},"excerpt":{"rendered":"<p>L&#8217;actual curs 2022-23, ser\u00e0 el primer en oferir temes de seguretat vi\u00e0ria (dissenyats per la DGT) a col\u00b7legis i instituts del nostre pa\u00eds, aix\u00f2 inclou Prim\u00e0ria, Secund\u00e0ria i Batxillerat. D&#8217;aquesta manera, tota l&#8217;etapa escolar quedar\u00e0 coberta amb una formaci\u00f3 que era reclamada de temps enrere&#8230;.<\/p>\n","protected":false},"author":2,"featured_media":9209,"comment_status":"open","ping_status":"open","sticky":false,"template":"","format":"standard","meta":[],"categories":[218],"tags":[],"yoast_head":"<!-- This site is optimized with the Yoast SEO plugin v17.5 - https:\/\/yoast.com\/wordpress\/plugins\/seo\/ -->\n<title>Aquest curs escolar incorpora per primer cop temes de seguretat vi\u00e0ria<\/title>\n<meta name=\"description\" content=\"El 22\/23 ser\u00e0 el primer curs en qu\u00e8 algunes mat\u00e8ries inclouran temes sobre seguretat vi\u00e0ria o sostenibilitat, en una iniciativa de la DGT\" \/>\n<meta name=\"robots\" content=\"index, follow, max-snippet:-1, max-image-preview:large, max-video-preview:-1\" \/>\n<link rel=\"canonical\" href=\"https:\/\/blog.applusiteuve.com\/ca\/curs-de-seguretat-viaria\/\" \/>\n<meta property=\"og:locale\" content=\"ca_ES\" \/>\n<meta property=\"og:type\" content=\"article\" \/>\n<meta property=\"og:title\" content=\"Aquest curs escolar incorpora per primer cop temes de seguretat vi\u00e0ria\" \/>\n<meta property=\"og:description\" content=\"El 22\/23 ser\u00e0 el primer curs en qu\u00e8 algunes mat\u00e8ries inclouran temes sobre seguretat vi\u00e0ria o sostenibilitat, en una iniciativa de la DGT\" \/>\n<meta property=\"og:url\" content=\"https:\/\/blog.applusiteuve.com\/ca\/curs-de-seguretat-viaria\/\" \/>\n<meta property=\"og:site_name\" content=\"Blog Applus+ ITV\" \/>\n<meta property=\"article:published_time\" content=\"2022-10-17T08:30:46+00:00\" \/>\n<meta property=\"article:modified_time\" content=\"2022-10-14T11:22:30+00:00\" \/>\n<meta property=\"og:image\" content=\"https:\/\/blog.applusiteuve.com\/wp-content\/uploads\/2022\/10\/Applus-Templates-facebook-1-1-e1665746337503.png\" \/>\n\t<meta property=\"og:image:width\" content=\"950\" \/>\n\t<meta property=\"og:image:height\" content=\"496\" \/>\n<meta name=\"twitter:label1\" content=\"Escrit per\" \/>\n\t<meta name=\"twitter:data1\" content=\"@applus\" \/>\n\t<meta name=\"twitter:label2\" content=\"Temps estimat de lectura\" \/>\n\t<meta name=\"twitter:data2\" content=\"2 minuts\" \/>\n<script type=\"application\/ld+json\" class=\"yoast-schema-graph\">{\"@context\":\"https:\/\/schema.org\",\"@graph\":[{\"@type\":\"WebSite\",\"@id\":\"https:\/\/blog.applusiteuve.com\/#website\",\"url\":\"https:\/\/blog.applusiteuve.com\/\",\"name\":\"Blog Applus+ ITV\",\"description\":\"Todo sobre seguridad vial, mundo del motor, ITV y mucho m\\u00e1s en el blog SOS Carretera.\",\"potentialAction\":[{\"@type\":\"SearchAction\",\"target\":{\"@type\":\"EntryPoint\",\"urlTemplate\":\"https:\/\/blog.applusiteuve.com\/?s={search_term_string}\"},\"query-input\":\"required name=search_term_string\"}],\"inLanguage\":\"ca\"},{\"@type\":\"ImageObject\",\"@id\":\"https:\/\/blog.applusiteuve.com\/ca\/curs-de-seguretat-viaria\/#primaryimage\",\"inLanguage\":\"ca\",\"url\":\"https:\/\/blog.applusiteuve.com\/wp-content\/uploads\/2022\/10\/Applus-Templates-facebook-1-1-e1665746337503.png\",\"contentUrl\":\"https:\/\/blog.applusiteuve.com\/wp-content\/uploads\/2022\/10\/Applus-Templates-facebook-1-1-e1665746337503.png\",\"width\":950,\"height\":496,\"caption\":\"Educaci\\u00f3nVial_blogApplus+ITV_cat\"},{\"@type\":\"WebPage\",\"@id\":\"https:\/\/blog.applusiteuve.com\/ca\/curs-de-seguretat-viaria\/#webpage\",\"url\":\"https:\/\/blog.applusiteuve.com\/ca\/curs-de-seguretat-viaria\/\",\"name\":\"Aquest curs escolar incorpora per primer cop temes de seguretat vi\\u00e0ria\",\"isPartOf\":{\"@id\":\"https:\/\/blog.applusiteuve.com\/#website\"},\"primaryImageOfPage\":{\"@id\":\"https:\/\/blog.applusiteuve.com\/ca\/curs-de-seguretat-viaria\/#primaryimage\"},\"datePublished\":\"2022-10-17T08:30:46+00:00\",\"dateModified\":\"2022-10-14T11:22:30+00:00\",\"author\":{\"@id\":\"https:\/\/blog.applusiteuve.com\/#\/schema\/person\/7427404b7ff7544f9378d7d10b65a935\"},\"description\":\"El 22\/23 ser\\u00e0 el primer curs en qu\\u00e8 algunes mat\\u00e8ries inclouran temes sobre seguretat vi\\u00e0ria o sostenibilitat, en una iniciativa de la DGT\",\"breadcrumb\":{\"@id\":\"https:\/\/blog.applusiteuve.com\/ca\/curs-de-seguretat-viaria\/#breadcrumb\"},\"inLanguage\":\"ca\",\"potentialAction\":[{\"@type\":\"ReadAction\",\"target\":[\"https:\/\/blog.applusiteuve.com\/ca\/curs-de-seguretat-viaria\/\"]}]},{\"@type\":\"BreadcrumbList\",\"@id\":\"https:\/\/blog.applusiteuve.com\/ca\/curs-de-seguretat-viaria\/#breadcrumb\",\"itemListElement\":[{\"@type\":\"ListItem\",\"position\":1,\"name\":\"Portada\",\"item\":\"https:\/\/blog.applusiteuve.com\/ca\/\"},{\"@type\":\"ListItem\",\"position\":2,\"name\":\"Curs de seguretat vi\\u00e0ria\"}]},{\"@type\":\"Person\",\"@id\":\"https:\/\/blog.applusiteuve.com\/#\/schema\/person\/7427404b7ff7544f9378d7d10b65a935\",\"name\":\"@applus\",\"image\":{\"@type\":\"ImageObject\",\"@id\":\"https:\/\/blog.applusiteuve.com\/#personlogo\",\"inLanguage\":\"ca\",\"url\":\"https:\/\/secure.gravatar.com\/avatar\/cd43fb589c6c7c98b5db140709497436?s=96&d=mm&r=g\",\"contentUrl\":\"https:\/\/secure.gravatar.com\/avatar\/cd43fb589c6c7c98b5db140709497436?s=96&d=mm&r=g\",\"caption\":\"@applus\"},\"url\":\"https:\/\/blog.applusiteuve.com\/ca\/author\/applus\/\"}]}<\/script>\n<!-- \/ Yoast SEO plugin. -->","yoast_head_json":{"title":"Aquest curs escolar incorpora per primer cop temes de seguretat vi\u00e0ria","description":"El 22\/23 ser\u00e0 el primer curs en qu\u00e8 algunes mat\u00e8ries inclouran temes sobre seguretat vi\u00e0ria o sostenibilitat, en una iniciativa de la DGT","robots":{"index":"index","follow":"follow","max-snippet":"max-snippet:-1","max-image-preview":"max-image-preview:large","max-video-preview":"max-video-preview:-1"},"canonical":"https:\/\/blog.applusiteuve.com\/ca\/curs-de-seguretat-viaria\/","og_locale":"ca_ES","og_type":"article","og_title":"Aquest curs escolar incorpora per primer cop temes de seguretat vi\u00e0ria","og_description":"El 22\/23 ser\u00e0 el primer curs en qu\u00e8 algunes mat\u00e8ries inclouran temes sobre seguretat vi\u00e0ria o sostenibilitat, en una iniciativa de la DGT","og_url":"https:\/\/blog.applusiteuve.com\/ca\/curs-de-seguretat-viaria\/","og_site_name":"Blog Applus+ ITV","article_published_time":"2022-10-17T08:30:46+00:00","article_modified_time":"2022-10-14T11:22:30+00:00","og_image":[{"width":950,"height":496,"url":"https:\/\/blog.applusiteuve.com\/wp-content\/uploads\/2022\/10\/Applus-Templates-facebook-1-1-e1665746337503.png","type":"image\/png"}],"twitter_misc":{"Escrit per":"@applus","Temps estimat de lectura":"2 minuts"},"schema":{"@context":"https:\/\/schema.org","@graph":[{"@type":"WebSite","@id":"https:\/\/blog.applusiteuve.com\/#website","url":"https:\/\/blog.applusiteuve.com\/","name":"Blog Applus+ ITV","description":"Todo sobre seguridad vial, mundo del motor, ITV y mucho m\u00e1s en el blog SOS Carretera.","potentialAction":[{"@type":"SearchAction","target":{"@type":"EntryPoint","urlTemplate":"https:\/\/blog.applusiteuve.com\/?s={search_term_string}"},"query-input":"required name=search_term_string"}],"inLanguage":"ca"},{"@type":"ImageObject","@id":"https:\/\/blog.applusiteuve.com\/ca\/curs-de-seguretat-viaria\/#primaryimage","inLanguage":"ca","url":"https:\/\/blog.applusiteuve.com\/wp-content\/uploads\/2022\/10\/Applus-Templates-facebook-1-1-e1665746337503.png","contentUrl":"https:\/\/blog.applusiteuve.com\/wp-content\/uploads\/2022\/10\/Applus-Templates-facebook-1-1-e1665746337503.png","width":950,"height":496,"caption":"Educaci\u00f3nVial_blogApplus+ITV_cat"},{"@type":"WebPage","@id":"https:\/\/blog.applusiteuve.com\/ca\/curs-de-seguretat-viaria\/#webpage","url":"https:\/\/blog.applusiteuve.com\/ca\/curs-de-seguretat-viaria\/","name":"Aquest curs escolar incorpora per primer cop temes de seguretat vi\u00e0ria","isPartOf":{"@id":"https:\/\/blog.applusiteuve.com\/#website"},"primaryImageOfPage":{"@id":"https:\/\/blog.applusiteuve.com\/ca\/curs-de-seguretat-viaria\/#primaryimage"},"datePublished":"2022-10-17T08:30:46+00:00","dateModified":"2022-10-14T11:22:30+00:00","author":{"@id":"https:\/\/blog.applusiteuve.com\/#\/schema\/person\/7427404b7ff7544f9378d7d10b65a935"},"description":"El 22\/23 ser\u00e0 el primer curs en qu\u00e8 algunes mat\u00e8ries inclouran temes sobre seguretat vi\u00e0ria o sostenibilitat, en una iniciativa de la DGT","breadcrumb":{"@id":"https:\/\/blog.applusiteuve.com\/ca\/curs-de-seguretat-viaria\/#breadcrumb"},"inLanguage":"ca","potentialAction":[{"@type":"ReadAction","target":["https:\/\/blog.applusiteuve.com\/ca\/curs-de-seguretat-viaria\/"]}]},{"@type":"BreadcrumbList","@id":"https:\/\/blog.applusiteuve.com\/ca\/curs-de-seguretat-viaria\/#breadcrumb","itemListElement":[{"@type":"ListItem","position":1,"name":"Portada","item":"https:\/\/blog.applusiteuve.com\/ca\/"},{"@type":"ListItem","position":2,"name":"Curs de seguretat vi\u00e0ria"}]},{"@type":"Person","@id":"https:\/\/blog.applusiteuve.com\/#\/schema\/person\/7427404b7ff7544f9378d7d10b65a935","name":"@applus","image":{"@type":"ImageObject","@id":"https:\/\/blog.applusiteuve.com\/#personlogo","inLanguage":"ca","url":"https:\/\/secure.gravatar.com\/avatar\/cd43fb589c6c7c98b5db140709497436?s=96&d=mm&r=g","contentUrl":"https:\/\/secure.gravatar.com\/avatar\/cd43fb589c6c7c98b5db140709497436?s=96&d=mm&r=g","caption":"@applus"},"url":"https:\/\/blog.applusiteuve.com\/ca\/author\/applus\/"}]}},"_links":{"self":[{"href":"https:\/\/blog.applusiteuve.com\/ca\/wp-json\/wp\/v2\/posts\/9215"}],"collection":[{"href":"https:\/\/blog.applusiteuve.com\/ca\/wp-json\/wp\/v2\/posts"}],"about":[{"href":"https:\/\/blog.applusiteuve.com\/ca\/wp-json\/wp\/v2\/types\/post"}],"author":[{"embeddable":true,"href":"https:\/\/blog.applusiteuve.com\/ca\/wp-json\/wp\/v2\/users\/2"}],"replies":[{"embeddable":true,"href":"https:\/\/blog.applusiteuve.com\/ca\/wp-json\/wp\/v2\/comments?post=9215"}],"version-history":[{"count":2,"href":"https:\/\/blog.applusiteuve.com\/ca\/wp-json\/wp\/v2\/posts\/9215\/revisions"}],"predecessor-version":[{"id":9217,"href":"https:\/\/blog.applusiteuve.com\/ca\/wp-json\/wp\/v2\/posts\/9215\/revisions\/9217"}],"wp:featuredmedia":[{"embeddable":true,"href":"https:\/\/blog.applusiteuve.com\/ca\/wp-json\/wp\/v2\/media\/9209"}],"wp:attachment":[{"href":"https:\/\/blog.applusiteuve.com\/ca\/wp-json\/wp\/v2\/media?parent=9215"}],"wp:term":[{"taxonomy":"category","embeddable":true,"href":"https:\/\/blog.applusiteuve.com\/ca\/wp-json\/wp\/v2\/categories?post=9215"},{"taxonomy":"post_tag","embeddable":true,"href":"https:\/\/blog.applusiteuve.com\/ca\/wp-json\/wp\/v2\/tags?post=9215"}],"curies":[{"name":"wp","href":"https:\/\/api.w.org\/{rel}","templated":true}]}}