{"id":9241,"date":"2022-10-21T10:30:30","date_gmt":"2022-10-21T08:30:30","guid":{"rendered":"https:\/\/blog.applusiteuve.com\/?p=9241"},"modified":"2022-10-17T10:47:35","modified_gmt":"2022-10-17T08:47:35","slug":"a-la-baixa-les-dades-de-sinistralitat","status":"publish","type":"post","link":"https:\/\/blog.applusiteuve.com\/ca\/a-la-baixa-les-dades-de-sinistralitat\/","title":{"rendered":"A la baixa les dades de sinistralitat"},"content":{"rendered":"<p>L&#8217;any passat hi va haver un descens del 20% a la mortalitat per accidents de tr\u00e0nsit en vies urbanes. Aquesta dada es produeix gr\u00e0cies a la feina dels municipis en mat\u00e8ria de seguretat vi\u00e0ria. Aquesta i altres estad\u00edstiques van ser presentades pel ministre d&#8217;Interior, Grande-Marlaska, que valorava la norma de limitaci\u00f3 de 30km\/h a ciutats, com a mesura per reduir les morts en vies urbanes.<\/p>\n<h2><strong>Usuaris vulnerables<\/strong><\/h2>\n<p>Aquesta reducci\u00f3 en el nombre de morts afavoreix especialment els usuaris m\u00e9s vulnerables. Pel que fa als vianants, el descens \u00e9s del 26%. Pels ciclistes, es redueix la dada un 34%. I finalment els ciclistes, que veuen abaixada la xifra en un 17%.<\/p>\n<p>Tot i ser xifres esperan\u00e7adores, hi ha molta feina per fer. Pel que fa a vianants i motoristes, aquestes dades estan per sobre de la mitjana europea.<\/p>\n<p>Pel que fa als m\u00e9s grans de 64 anys, el 2021 van morir un 31% menys que l&#8217;any anterior.<\/p>\n<h2><strong>M\u00e9s dades<\/strong><\/h2>\n<p>Les dades a vies interurbanes reflecteixen un descens de mortalitat del 10%. I continuen preocupant especialment els atropellaments. 11 de cada 100 morts a les nostres carreteres ho s\u00f3n v\u00edctimes d&#8217;un atropellament.<\/p>\n<p>Aquesta baixada en la sinistralitat va tenir lloc un any en qu\u00e8 els despla\u00e7aments de llarg recorregut (393,7 milions) van ser un 8% menys que el 2019.<\/p>\n<p>La taxa de mortalitat espanyola marca una de les xifres m\u00e9s baixes de la Uni\u00f3 Europea. Amb 32 morts cada mili\u00f3 d&#8217;habitants, se situa davant de Finl\u00e0ndia (40), \u00c0ustria (40), B\u00e8lgica (43) o Fran\u00e7a (45), pa\u00efsos tots amb gran tradici\u00f3 en seguretat vi\u00e0ria.<\/p>\n<p>Esperem que per a l&#8217;any vinent puguem millorar molt m\u00e9s aquestes dades, seguint amb una molt bona din\u00e0mica de sensibilitzaci\u00f3 i comprom\u00eds. En aix\u00f2 estem tamb\u00e9 a Applus+, treballant amb els millors per oferir el millor resultat. <a href=\"https:\/\/www.applusiteuve.com\/es-es\/\">Demana cita pr\u00e8via ITV<\/a> i comprova-ho tu mateix.<\/p>\n<p>No oblidis subscriure&#8217;t al <a href=\"https:\/\/www.youtube.com\/channel\/UCCrwGUAApqGmBKp83RKaTpA\">nostre canal de Youtube<\/a>!<\/p>\n","protected":false},"excerpt":{"rendered":"<p>L&#8217;any passat hi va haver un descens del 20% a la mortalitat per accidents de tr\u00e0nsit en vies urbanes. Aquesta dada es produeix gr\u00e0cies a la feina dels municipis en mat\u00e8ria de seguretat vi\u00e0ria. Aquesta i altres estad\u00edstiques van ser presentades pel ministre d&#8217;Interior, Grande-Marlaska,&#8230;<\/p>\n","protected":false},"author":2,"featured_media":9237,"comment_status":"open","ping_status":"open","sticky":false,"template":"","format":"standard","meta":[],"categories":[218,208],"tags":[],"yoast_head":"<!-- This site is optimized with the Yoast SEO plugin v17.5 - https:\/\/yoast.com\/wordpress\/plugins\/seo\/ -->\n<title>Durant el passat any, la sinistralitat en vies urbanes va baixar un 20%<\/title>\n<meta name=\"description\" content=\"El ministre d&#039;Interior va presentar unes dades esperan\u00e7adores. En altres, va assenyalar la tend\u00e8ncia a la baixa de la sinistralitat a ciutats\" \/>\n<meta name=\"robots\" content=\"index, follow, max-snippet:-1, max-image-preview:large, max-video-preview:-1\" \/>\n<link rel=\"canonical\" href=\"https:\/\/blog.applusiteuve.com\/ca\/a-la-baixa-les-dades-de-sinistralitat\/\" \/>\n<meta property=\"og:locale\" content=\"ca_ES\" \/>\n<meta property=\"og:type\" content=\"article\" \/>\n<meta property=\"og:title\" content=\"Durant el passat any, la sinistralitat en vies urbanes va baixar un 20%\" \/>\n<meta property=\"og:description\" content=\"El ministre d&#039;Interior va presentar unes dades esperan\u00e7adores. En altres, va assenyalar la tend\u00e8ncia a la baixa de la sinistralitat a ciutats\" \/>\n<meta property=\"og:url\" content=\"https:\/\/blog.applusiteuve.com\/ca\/a-la-baixa-les-dades-de-sinistralitat\/\" \/>\n<meta property=\"og:site_name\" content=\"Blog Applus+ ITV\" \/>\n<meta property=\"article:published_time\" content=\"2022-10-21T08:30:30+00:00\" \/>\n<meta property=\"article:modified_time\" content=\"2022-10-17T08:47:35+00:00\" \/>\n<meta property=\"og:image\" content=\"https:\/\/blog.applusiteuve.com\/wp-content\/uploads\/2022\/10\/Applus-Templates-facebook-1-4-e1665996139641.png\" \/>\n\t<meta property=\"og:image:width\" content=\"950\" \/>\n\t<meta property=\"og:image:height\" content=\"496\" \/>\n<meta name=\"twitter:label1\" content=\"Escrit per\" \/>\n\t<meta name=\"twitter:data1\" content=\"@applus\" \/>\n\t<meta name=\"twitter:label2\" content=\"Temps estimat de lectura\" \/>\n\t<meta name=\"twitter:data2\" content=\"2 minuts\" \/>\n<script type=\"application\/ld+json\" class=\"yoast-schema-graph\">{\"@context\":\"https:\/\/schema.org\",\"@graph\":[{\"@type\":\"WebSite\",\"@id\":\"https:\/\/blog.applusiteuve.com\/#website\",\"url\":\"https:\/\/blog.applusiteuve.com\/\",\"name\":\"Blog Applus+ ITV\",\"description\":\"Todo sobre seguridad vial, mundo del motor, ITV y mucho m\\u00e1s en el blog SOS Carretera.\",\"potentialAction\":[{\"@type\":\"SearchAction\",\"target\":{\"@type\":\"EntryPoint\",\"urlTemplate\":\"https:\/\/blog.applusiteuve.com\/?s={search_term_string}\"},\"query-input\":\"required name=search_term_string\"}],\"inLanguage\":\"ca\"},{\"@type\":\"ImageObject\",\"@id\":\"https:\/\/blog.applusiteuve.com\/ca\/a-la-baixa-les-dades-de-sinistralitat\/#primaryimage\",\"inLanguage\":\"ca\",\"url\":\"https:\/\/blog.applusiteuve.com\/wp-content\/uploads\/2022\/10\/Applus-Templates-facebook-1-4-e1665996139641.png\",\"contentUrl\":\"https:\/\/blog.applusiteuve.com\/wp-content\/uploads\/2022\/10\/Applus-Templates-facebook-1-4-e1665996139641.png\",\"width\":950,\"height\":496},{\"@type\":\"WebPage\",\"@id\":\"https:\/\/blog.applusiteuve.com\/ca\/a-la-baixa-les-dades-de-sinistralitat\/#webpage\",\"url\":\"https:\/\/blog.applusiteuve.com\/ca\/a-la-baixa-les-dades-de-sinistralitat\/\",\"name\":\"Durant el passat any, la sinistralitat en vies urbanes va baixar un 20%\",\"isPartOf\":{\"@id\":\"https:\/\/blog.applusiteuve.com\/#website\"},\"primaryImageOfPage\":{\"@id\":\"https:\/\/blog.applusiteuve.com\/ca\/a-la-baixa-les-dades-de-sinistralitat\/#primaryimage\"},\"datePublished\":\"2022-10-21T08:30:30+00:00\",\"dateModified\":\"2022-10-17T08:47:35+00:00\",\"author\":{\"@id\":\"https:\/\/blog.applusiteuve.com\/#\/schema\/person\/7427404b7ff7544f9378d7d10b65a935\"},\"description\":\"El ministre d'Interior va presentar unes dades esperan\\u00e7adores. En altres, va assenyalar la tend\\u00e8ncia a la baixa de la sinistralitat a ciutats\",\"breadcrumb\":{\"@id\":\"https:\/\/blog.applusiteuve.com\/ca\/a-la-baixa-les-dades-de-sinistralitat\/#breadcrumb\"},\"inLanguage\":\"ca\",\"potentialAction\":[{\"@type\":\"ReadAction\",\"target\":[\"https:\/\/blog.applusiteuve.com\/ca\/a-la-baixa-les-dades-de-sinistralitat\/\"]}]},{\"@type\":\"BreadcrumbList\",\"@id\":\"https:\/\/blog.applusiteuve.com\/ca\/a-la-baixa-les-dades-de-sinistralitat\/#breadcrumb\",\"itemListElement\":[{\"@type\":\"ListItem\",\"position\":1,\"name\":\"Portada\",\"item\":\"https:\/\/blog.applusiteuve.com\/ca\/\"},{\"@type\":\"ListItem\",\"position\":2,\"name\":\"A la baixa les dades de sinistralitat\"}]},{\"@type\":\"Person\",\"@id\":\"https:\/\/blog.applusiteuve.com\/#\/schema\/person\/7427404b7ff7544f9378d7d10b65a935\",\"name\":\"@applus\",\"image\":{\"@type\":\"ImageObject\",\"@id\":\"https:\/\/blog.applusiteuve.com\/#personlogo\",\"inLanguage\":\"ca\",\"url\":\"https:\/\/secure.gravatar.com\/avatar\/cd43fb589c6c7c98b5db140709497436?s=96&d=mm&r=g\",\"contentUrl\":\"https:\/\/secure.gravatar.com\/avatar\/cd43fb589c6c7c98b5db140709497436?s=96&d=mm&r=g\",\"caption\":\"@applus\"},\"url\":\"https:\/\/blog.applusiteuve.com\/ca\/author\/applus\/\"}]}<\/script>\n<!-- \/ Yoast SEO plugin. -->","yoast_head_json":{"title":"Durant el passat any, la sinistralitat en vies urbanes va baixar un 20%","description":"El ministre d'Interior va presentar unes dades esperan\u00e7adores. En altres, va assenyalar la tend\u00e8ncia a la baixa de la sinistralitat a ciutats","robots":{"index":"index","follow":"follow","max-snippet":"max-snippet:-1","max-image-preview":"max-image-preview:large","max-video-preview":"max-video-preview:-1"},"canonical":"https:\/\/blog.applusiteuve.com\/ca\/a-la-baixa-les-dades-de-sinistralitat\/","og_locale":"ca_ES","og_type":"article","og_title":"Durant el passat any, la sinistralitat en vies urbanes va baixar un 20%","og_description":"El ministre d'Interior va presentar unes dades esperan\u00e7adores. En altres, va assenyalar la tend\u00e8ncia a la baixa de la sinistralitat a ciutats","og_url":"https:\/\/blog.applusiteuve.com\/ca\/a-la-baixa-les-dades-de-sinistralitat\/","og_site_name":"Blog Applus+ ITV","article_published_time":"2022-10-21T08:30:30+00:00","article_modified_time":"2022-10-17T08:47:35+00:00","og_image":[{"width":950,"height":496,"url":"https:\/\/blog.applusiteuve.com\/wp-content\/uploads\/2022\/10\/Applus-Templates-facebook-1-4-e1665996139641.png","type":"image\/png"}],"twitter_misc":{"Escrit per":"@applus","Temps estimat de lectura":"2 minuts"},"schema":{"@context":"https:\/\/schema.org","@graph":[{"@type":"WebSite","@id":"https:\/\/blog.applusiteuve.com\/#website","url":"https:\/\/blog.applusiteuve.com\/","name":"Blog Applus+ ITV","description":"Todo sobre seguridad vial, mundo del motor, ITV y mucho m\u00e1s en el blog SOS Carretera.","potentialAction":[{"@type":"SearchAction","target":{"@type":"EntryPoint","urlTemplate":"https:\/\/blog.applusiteuve.com\/?s={search_term_string}"},"query-input":"required name=search_term_string"}],"inLanguage":"ca"},{"@type":"ImageObject","@id":"https:\/\/blog.applusiteuve.com\/ca\/a-la-baixa-les-dades-de-sinistralitat\/#primaryimage","inLanguage":"ca","url":"https:\/\/blog.applusiteuve.com\/wp-content\/uploads\/2022\/10\/Applus-Templates-facebook-1-4-e1665996139641.png","contentUrl":"https:\/\/blog.applusiteuve.com\/wp-content\/uploads\/2022\/10\/Applus-Templates-facebook-1-4-e1665996139641.png","width":950,"height":496},{"@type":"WebPage","@id":"https:\/\/blog.applusiteuve.com\/ca\/a-la-baixa-les-dades-de-sinistralitat\/#webpage","url":"https:\/\/blog.applusiteuve.com\/ca\/a-la-baixa-les-dades-de-sinistralitat\/","name":"Durant el passat any, la sinistralitat en vies urbanes va baixar un 20%","isPartOf":{"@id":"https:\/\/blog.applusiteuve.com\/#website"},"primaryImageOfPage":{"@id":"https:\/\/blog.applusiteuve.com\/ca\/a-la-baixa-les-dades-de-sinistralitat\/#primaryimage"},"datePublished":"2022-10-21T08:30:30+00:00","dateModified":"2022-10-17T08:47:35+00:00","author":{"@id":"https:\/\/blog.applusiteuve.com\/#\/schema\/person\/7427404b7ff7544f9378d7d10b65a935"},"description":"El ministre d'Interior va presentar unes dades esperan\u00e7adores. En altres, va assenyalar la tend\u00e8ncia a la baixa de la sinistralitat a ciutats","breadcrumb":{"@id":"https:\/\/blog.applusiteuve.com\/ca\/a-la-baixa-les-dades-de-sinistralitat\/#breadcrumb"},"inLanguage":"ca","potentialAction":[{"@type":"ReadAction","target":["https:\/\/blog.applusiteuve.com\/ca\/a-la-baixa-les-dades-de-sinistralitat\/"]}]},{"@type":"BreadcrumbList","@id":"https:\/\/blog.applusiteuve.com\/ca\/a-la-baixa-les-dades-de-sinistralitat\/#breadcrumb","itemListElement":[{"@type":"ListItem","position":1,"name":"Portada","item":"https:\/\/blog.applusiteuve.com\/ca\/"},{"@type":"ListItem","position":2,"name":"A la baixa les dades de sinistralitat"}]},{"@type":"Person","@id":"https:\/\/blog.applusiteuve.com\/#\/schema\/person\/7427404b7ff7544f9378d7d10b65a935","name":"@applus","image":{"@type":"ImageObject","@id":"https:\/\/blog.applusiteuve.com\/#personlogo","inLanguage":"ca","url":"https:\/\/secure.gravatar.com\/avatar\/cd43fb589c6c7c98b5db140709497436?s=96&d=mm&r=g","contentUrl":"https:\/\/secure.gravatar.com\/avatar\/cd43fb589c6c7c98b5db140709497436?s=96&d=mm&r=g","caption":"@applus"},"url":"https:\/\/blog.applusiteuve.com\/ca\/author\/applus\/"}]}},"_links":{"self":[{"href":"https:\/\/blog.applusiteuve.com\/ca\/wp-json\/wp\/v2\/posts\/9241"}],"collection":[{"href":"https:\/\/blog.applusiteuve.com\/ca\/wp-json\/wp\/v2\/posts"}],"about":[{"href":"https:\/\/blog.applusiteuve.com\/ca\/wp-json\/wp\/v2\/types\/post"}],"author":[{"embeddable":true,"href":"https:\/\/blog.applusiteuve.com\/ca\/wp-json\/wp\/v2\/users\/2"}],"replies":[{"embeddable":true,"href":"https:\/\/blog.applusiteuve.com\/ca\/wp-json\/wp\/v2\/comments?post=9241"}],"version-history":[{"count":3,"href":"https:\/\/blog.applusiteuve.com\/ca\/wp-json\/wp\/v2\/posts\/9241\/revisions"}],"predecessor-version":[{"id":9244,"href":"https:\/\/blog.applusiteuve.com\/ca\/wp-json\/wp\/v2\/posts\/9241\/revisions\/9244"}],"wp:featuredmedia":[{"embeddable":true,"href":"https:\/\/blog.applusiteuve.com\/ca\/wp-json\/wp\/v2\/media\/9237"}],"wp:attachment":[{"href":"https:\/\/blog.applusiteuve.com\/ca\/wp-json\/wp\/v2\/media?parent=9241"}],"wp:term":[{"taxonomy":"category","embeddable":true,"href":"https:\/\/blog.applusiteuve.com\/ca\/wp-json\/wp\/v2\/categories?post=9241"},{"taxonomy":"post_tag","embeddable":true,"href":"https:\/\/blog.applusiteuve.com\/ca\/wp-json\/wp\/v2\/tags?post=9241"}],"curies":[{"name":"wp","href":"https:\/\/api.w.org\/{rel}","templated":true}]}}