{"id":9251,"date":"2022-10-24T10:30:47","date_gmt":"2022-10-24T08:30:47","guid":{"rendered":"https:\/\/blog.applusiteuve.com\/?p=9251"},"modified":"2022-10-21T11:36:10","modified_gmt":"2022-10-21T09:36:10","slug":"els-avantatges-del-cotxe-electric","status":"publish","type":"post","link":"https:\/\/blog.applusiteuve.com\/ca\/els-avantatges-del-cotxe-electric\/","title":{"rendered":"Els avantatges del cotxe el\u00e8ctric"},"content":{"rendered":"<p>Pel que fa a l&#8217;any passat, les vendes de cotxes el\u00e8ctrics han augmentat un 100% durant el primer semestre. Aix\u00f2 \u00e9s degut als seus m\u00faltiples avantatges respecte als vehicles de carburant.<\/p>\n<h2><strong>Preu de la benzina<\/strong><\/h2>\n<p>1,8\u20ac el litre. A aquest preu es troba avui dia el carburant. La benzina \u00e9s ara mateix un 13% m\u00e9s cara que fa un any. El di\u00e8sel, amb el 25%, pateix un augment encara m\u00e9s gran. Sembla f\u00e0cil suposar que aquest \u00e9s un dels principals avantatges del cotxe el\u00e8ctric.<\/p>\n<h2><strong>Sostenibilitat<\/strong><\/h2>\n<p>En triar un vehicle el\u00e8ctric, no nom\u00e9s estem estalviant en carburant, sin\u00f3 que a m\u00e9s estem invertint en salut per al planeta. Estarem usant un mitj\u00e0 de transport sostenible i respectu\u00f3s amb el medi ambient.<\/p>\n<h2><strong>F\u00e0cil circulaci\u00f3<\/strong><\/h2>\n<p>Les restriccions i limitacions per a vehicles de benzina o di\u00e8sel, deixen el carril lliure (literalment) als vehicles el\u00e8ctrics. S\u00f3n el futur, per\u00f2 ja comencen a ser el present i aix\u00ed queda pal\u00e8s als carrers de les nostres ciutats. En alguns casos, amb places gratu\u00eftes d&#8217;aparcament en zones blaves o verdes.<\/p>\n<h2><strong>Subvencions<\/strong><\/h2>\n<p>Atesa la import\u00e0ncia de la seva implantaci\u00f3, hi ha ajudes per a la compra de cotxes el\u00e8ctrics, aix\u00ed com per a la instal\u00b7laci\u00f3 de punts de rec\u00e0rrega. El Pla Moves III, per exemple, impulsat pel Ministeri de Transici\u00f3 Ecol\u00f2gica, oferir\u00e0 fins a 7.000\u20ac per adquirir un vehicle el\u00e8ctric.<\/p>\n<h2><strong>Rebaixes fiscals<\/strong><\/h2>\n<p>Els cotxes el\u00e8ctrics estan exempts de pagar impost de matriculaci\u00f3, ja que emeten menys de 120gr de CO2 per km. En algunes ciutats, a m\u00e9s, compten amb el 75% de descompte a l&#8217;impost municipal de circulaci\u00f3.<\/p>\n<h2><strong>0 emissions, 0 sorolls<\/strong><\/h2>\n<p>Amb un cotxe el\u00e8ctric estalviar\u00e0s fins i tot en soroll, cosa que agrairan molt els vianants que es creuin al teu cam\u00ed. I els teus ve\u00efns.<\/p>\n<h2><strong>M\u00e9s pot\u00e8ncia<\/strong><\/h2>\n<p>Un altre dels avantatges del vehicle el\u00e8ctric respecte al de carburant rau en la capacitat d&#8217;acceleraci\u00f3. Un el\u00e8ctric arriba a la velocitat precisa molt m\u00e9s r\u00e0pid que un di\u00e8sel o benzina.<\/p>\n<p>A Applus+ apostem per la sostenibilitat i el medi ambient, \u00e9s per aix\u00f2 que aplaudim la proliferaci\u00f3 de vehicles el\u00e8ctrics a les ciutats del nostre pa\u00eds. Recorda que, sigui com sigui el teu vehicle, a les nostres estacions estem preparats per passar-li la revisi\u00f3. <a href=\"https:\/\/www.applusiteuve.com\/es-es\/\">Demana cita pr\u00e8via ITV<\/a> i millorem junts el nostre futur.<\/p>\n<p>No oblidis subscriure&#8217;t al <a href=\"https:\/\/www.youtube.com\/channel\/UCCrwGUAApqGmBKp83RKaTpA\">nostre canal de Youtube<\/a>!<\/p>\n","protected":false},"excerpt":{"rendered":"<p>Pel que fa a l&#8217;any passat, les vendes de cotxes el\u00e8ctrics han augmentat un 100% durant el primer semestre. Aix\u00f2 \u00e9s degut als seus m\u00faltiples avantatges respecte als vehicles de carburant. Preu de la benzina 1,8\u20ac el litre. A aquest preu es troba avui dia&#8230;<\/p>\n","protected":false},"author":2,"featured_media":9247,"comment_status":"open","ping_status":"open","sticky":false,"template":"","format":"standard","meta":[],"categories":[228],"tags":[],"yoast_head":"<!-- This site is optimized with the Yoast SEO plugin v17.5 - https:\/\/yoast.com\/wordpress\/plugins\/seo\/ -->\n<title>Pugen les vendes de cotxes el\u00e8ctrics durant el primer semestre del 2022<\/title>\n<meta name=\"description\" content=\"D&#039;un 100% ha estat l&#039;augment de les vendes durant els primers sis mesos de l&#039;any. El cotxe el\u00e8ctric s&#039;imposa gr\u00e0cies a les virtuts\" \/>\n<meta name=\"robots\" content=\"index, follow, max-snippet:-1, max-image-preview:large, max-video-preview:-1\" \/>\n<link rel=\"canonical\" href=\"https:\/\/blog.applusiteuve.com\/ca\/els-avantatges-del-cotxe-electric\/\" \/>\n<meta property=\"og:locale\" content=\"ca_ES\" \/>\n<meta property=\"og:type\" content=\"article\" \/>\n<meta property=\"og:title\" content=\"Pugen les vendes de cotxes el\u00e8ctrics durant el primer semestre del 2022\" \/>\n<meta property=\"og:description\" content=\"D&#039;un 100% ha estat l&#039;augment de les vendes durant els primers sis mesos de l&#039;any. El cotxe el\u00e8ctric s&#039;imposa gr\u00e0cies a les virtuts\" \/>\n<meta property=\"og:url\" content=\"https:\/\/blog.applusiteuve.com\/ca\/els-avantatges-del-cotxe-electric\/\" \/>\n<meta property=\"og:site_name\" content=\"Blog Applus+ ITV\" \/>\n<meta property=\"article:published_time\" content=\"2022-10-24T08:30:47+00:00\" \/>\n<meta property=\"article:modified_time\" content=\"2022-10-21T09:36:10+00:00\" \/>\n<meta property=\"og:image\" content=\"https:\/\/blog.applusiteuve.com\/wp-content\/uploads\/2022\/10\/Applus-Templates-facebook-1-6-e1666343117974.png\" \/>\n\t<meta property=\"og:image:width\" content=\"950\" \/>\n\t<meta property=\"og:image:height\" content=\"496\" \/>\n<meta name=\"twitter:label1\" content=\"Escrit per\" \/>\n\t<meta name=\"twitter:data1\" content=\"@applus\" \/>\n\t<meta name=\"twitter:label2\" content=\"Temps estimat de lectura\" \/>\n\t<meta name=\"twitter:data2\" content=\"2 minuts\" \/>\n<script type=\"application\/ld+json\" class=\"yoast-schema-graph\">{\"@context\":\"https:\/\/schema.org\",\"@graph\":[{\"@type\":\"WebSite\",\"@id\":\"https:\/\/blog.applusiteuve.com\/#website\",\"url\":\"https:\/\/blog.applusiteuve.com\/\",\"name\":\"Blog Applus+ ITV\",\"description\":\"Todo sobre seguridad vial, mundo del motor, ITV y mucho m\\u00e1s en el blog SOS Carretera.\",\"potentialAction\":[{\"@type\":\"SearchAction\",\"target\":{\"@type\":\"EntryPoint\",\"urlTemplate\":\"https:\/\/blog.applusiteuve.com\/?s={search_term_string}\"},\"query-input\":\"required name=search_term_string\"}],\"inLanguage\":\"ca\"},{\"@type\":\"ImageObject\",\"@id\":\"https:\/\/blog.applusiteuve.com\/ca\/els-avantatges-del-cotxe-electric\/#primaryimage\",\"inLanguage\":\"ca\",\"url\":\"https:\/\/blog.applusiteuve.com\/wp-content\/uploads\/2022\/10\/Applus-Templates-facebook-1-6-e1666343117974.png\",\"contentUrl\":\"https:\/\/blog.applusiteuve.com\/wp-content\/uploads\/2022\/10\/Applus-Templates-facebook-1-6-e1666343117974.png\",\"width\":950,\"height\":496},{\"@type\":\"WebPage\",\"@id\":\"https:\/\/blog.applusiteuve.com\/ca\/els-avantatges-del-cotxe-electric\/#webpage\",\"url\":\"https:\/\/blog.applusiteuve.com\/ca\/els-avantatges-del-cotxe-electric\/\",\"name\":\"Pugen les vendes de cotxes el\\u00e8ctrics durant el primer semestre del 2022\",\"isPartOf\":{\"@id\":\"https:\/\/blog.applusiteuve.com\/#website\"},\"primaryImageOfPage\":{\"@id\":\"https:\/\/blog.applusiteuve.com\/ca\/els-avantatges-del-cotxe-electric\/#primaryimage\"},\"datePublished\":\"2022-10-24T08:30:47+00:00\",\"dateModified\":\"2022-10-21T09:36:10+00:00\",\"author\":{\"@id\":\"https:\/\/blog.applusiteuve.com\/#\/schema\/person\/7427404b7ff7544f9378d7d10b65a935\"},\"description\":\"D'un 100% ha estat l'augment de les vendes durant els primers sis mesos de l'any. El cotxe el\\u00e8ctric s'imposa gr\\u00e0cies a les virtuts\",\"breadcrumb\":{\"@id\":\"https:\/\/blog.applusiteuve.com\/ca\/els-avantatges-del-cotxe-electric\/#breadcrumb\"},\"inLanguage\":\"ca\",\"potentialAction\":[{\"@type\":\"ReadAction\",\"target\":[\"https:\/\/blog.applusiteuve.com\/ca\/els-avantatges-del-cotxe-electric\/\"]}]},{\"@type\":\"BreadcrumbList\",\"@id\":\"https:\/\/blog.applusiteuve.com\/ca\/els-avantatges-del-cotxe-electric\/#breadcrumb\",\"itemListElement\":[{\"@type\":\"ListItem\",\"position\":1,\"name\":\"Portada\",\"item\":\"https:\/\/blog.applusiteuve.com\/ca\/\"},{\"@type\":\"ListItem\",\"position\":2,\"name\":\"Els avantatges del cotxe el\\u00e8ctric\"}]},{\"@type\":\"Person\",\"@id\":\"https:\/\/blog.applusiteuve.com\/#\/schema\/person\/7427404b7ff7544f9378d7d10b65a935\",\"name\":\"@applus\",\"image\":{\"@type\":\"ImageObject\",\"@id\":\"https:\/\/blog.applusiteuve.com\/#personlogo\",\"inLanguage\":\"ca\",\"url\":\"https:\/\/secure.gravatar.com\/avatar\/cd43fb589c6c7c98b5db140709497436?s=96&d=mm&r=g\",\"contentUrl\":\"https:\/\/secure.gravatar.com\/avatar\/cd43fb589c6c7c98b5db140709497436?s=96&d=mm&r=g\",\"caption\":\"@applus\"},\"url\":\"https:\/\/blog.applusiteuve.com\/ca\/author\/applus\/\"}]}<\/script>\n<!-- \/ Yoast SEO plugin. -->","yoast_head_json":{"title":"Pugen les vendes de cotxes el\u00e8ctrics durant el primer semestre del 2022","description":"D'un 100% ha estat l'augment de les vendes durant els primers sis mesos de l'any. El cotxe el\u00e8ctric s'imposa gr\u00e0cies a les virtuts","robots":{"index":"index","follow":"follow","max-snippet":"max-snippet:-1","max-image-preview":"max-image-preview:large","max-video-preview":"max-video-preview:-1"},"canonical":"https:\/\/blog.applusiteuve.com\/ca\/els-avantatges-del-cotxe-electric\/","og_locale":"ca_ES","og_type":"article","og_title":"Pugen les vendes de cotxes el\u00e8ctrics durant el primer semestre del 2022","og_description":"D'un 100% ha estat l'augment de les vendes durant els primers sis mesos de l'any. El cotxe el\u00e8ctric s'imposa gr\u00e0cies a les virtuts","og_url":"https:\/\/blog.applusiteuve.com\/ca\/els-avantatges-del-cotxe-electric\/","og_site_name":"Blog Applus+ ITV","article_published_time":"2022-10-24T08:30:47+00:00","article_modified_time":"2022-10-21T09:36:10+00:00","og_image":[{"width":950,"height":496,"url":"https:\/\/blog.applusiteuve.com\/wp-content\/uploads\/2022\/10\/Applus-Templates-facebook-1-6-e1666343117974.png","type":"image\/png"}],"twitter_misc":{"Escrit per":"@applus","Temps estimat de lectura":"2 minuts"},"schema":{"@context":"https:\/\/schema.org","@graph":[{"@type":"WebSite","@id":"https:\/\/blog.applusiteuve.com\/#website","url":"https:\/\/blog.applusiteuve.com\/","name":"Blog Applus+ ITV","description":"Todo sobre seguridad vial, mundo del motor, ITV y mucho m\u00e1s en el blog SOS Carretera.","potentialAction":[{"@type":"SearchAction","target":{"@type":"EntryPoint","urlTemplate":"https:\/\/blog.applusiteuve.com\/?s={search_term_string}"},"query-input":"required name=search_term_string"}],"inLanguage":"ca"},{"@type":"ImageObject","@id":"https:\/\/blog.applusiteuve.com\/ca\/els-avantatges-del-cotxe-electric\/#primaryimage","inLanguage":"ca","url":"https:\/\/blog.applusiteuve.com\/wp-content\/uploads\/2022\/10\/Applus-Templates-facebook-1-6-e1666343117974.png","contentUrl":"https:\/\/blog.applusiteuve.com\/wp-content\/uploads\/2022\/10\/Applus-Templates-facebook-1-6-e1666343117974.png","width":950,"height":496},{"@type":"WebPage","@id":"https:\/\/blog.applusiteuve.com\/ca\/els-avantatges-del-cotxe-electric\/#webpage","url":"https:\/\/blog.applusiteuve.com\/ca\/els-avantatges-del-cotxe-electric\/","name":"Pugen les vendes de cotxes el\u00e8ctrics durant el primer semestre del 2022","isPartOf":{"@id":"https:\/\/blog.applusiteuve.com\/#website"},"primaryImageOfPage":{"@id":"https:\/\/blog.applusiteuve.com\/ca\/els-avantatges-del-cotxe-electric\/#primaryimage"},"datePublished":"2022-10-24T08:30:47+00:00","dateModified":"2022-10-21T09:36:10+00:00","author":{"@id":"https:\/\/blog.applusiteuve.com\/#\/schema\/person\/7427404b7ff7544f9378d7d10b65a935"},"description":"D'un 100% ha estat l'augment de les vendes durant els primers sis mesos de l'any. El cotxe el\u00e8ctric s'imposa gr\u00e0cies a les virtuts","breadcrumb":{"@id":"https:\/\/blog.applusiteuve.com\/ca\/els-avantatges-del-cotxe-electric\/#breadcrumb"},"inLanguage":"ca","potentialAction":[{"@type":"ReadAction","target":["https:\/\/blog.applusiteuve.com\/ca\/els-avantatges-del-cotxe-electric\/"]}]},{"@type":"BreadcrumbList","@id":"https:\/\/blog.applusiteuve.com\/ca\/els-avantatges-del-cotxe-electric\/#breadcrumb","itemListElement":[{"@type":"ListItem","position":1,"name":"Portada","item":"https:\/\/blog.applusiteuve.com\/ca\/"},{"@type":"ListItem","position":2,"name":"Els avantatges del cotxe el\u00e8ctric"}]},{"@type":"Person","@id":"https:\/\/blog.applusiteuve.com\/#\/schema\/person\/7427404b7ff7544f9378d7d10b65a935","name":"@applus","image":{"@type":"ImageObject","@id":"https:\/\/blog.applusiteuve.com\/#personlogo","inLanguage":"ca","url":"https:\/\/secure.gravatar.com\/avatar\/cd43fb589c6c7c98b5db140709497436?s=96&d=mm&r=g","contentUrl":"https:\/\/secure.gravatar.com\/avatar\/cd43fb589c6c7c98b5db140709497436?s=96&d=mm&r=g","caption":"@applus"},"url":"https:\/\/blog.applusiteuve.com\/ca\/author\/applus\/"}]}},"_links":{"self":[{"href":"https:\/\/blog.applusiteuve.com\/ca\/wp-json\/wp\/v2\/posts\/9251"}],"collection":[{"href":"https:\/\/blog.applusiteuve.com\/ca\/wp-json\/wp\/v2\/posts"}],"about":[{"href":"https:\/\/blog.applusiteuve.com\/ca\/wp-json\/wp\/v2\/types\/post"}],"author":[{"embeddable":true,"href":"https:\/\/blog.applusiteuve.com\/ca\/wp-json\/wp\/v2\/users\/2"}],"replies":[{"embeddable":true,"href":"https:\/\/blog.applusiteuve.com\/ca\/wp-json\/wp\/v2\/comments?post=9251"}],"version-history":[{"count":2,"href":"https:\/\/blog.applusiteuve.com\/ca\/wp-json\/wp\/v2\/posts\/9251\/revisions"}],"predecessor-version":[{"id":9253,"href":"https:\/\/blog.applusiteuve.com\/ca\/wp-json\/wp\/v2\/posts\/9251\/revisions\/9253"}],"wp:featuredmedia":[{"embeddable":true,"href":"https:\/\/blog.applusiteuve.com\/ca\/wp-json\/wp\/v2\/media\/9247"}],"wp:attachment":[{"href":"https:\/\/blog.applusiteuve.com\/ca\/wp-json\/wp\/v2\/media?parent=9251"}],"wp:term":[{"taxonomy":"category","embeddable":true,"href":"https:\/\/blog.applusiteuve.com\/ca\/wp-json\/wp\/v2\/categories?post=9251"},{"taxonomy":"post_tag","embeddable":true,"href":"https:\/\/blog.applusiteuve.com\/ca\/wp-json\/wp\/v2\/tags?post=9251"}],"curies":[{"name":"wp","href":"https:\/\/api.w.org\/{rel}","templated":true}]}}